{"id":88793,"date":"2026-02-18T15:34:49","date_gmt":"2026-02-18T12:34:49","guid":{"rendered":"https:\/\/www.egemtv.com\/?p=88793"},"modified":"2026-02-18T15:34:50","modified_gmt":"2026-02-18T12:34:50","slug":"minik-davulcular-mahalleleri-senlendirdi","status":"publish","type":"post","link":"https:\/\/www.egemtv.com\/?p=88793","title":{"rendered":"Minik davulcular mahalleleri \u015fenlendirdi"},"content":{"rendered":"<p>Manisa\u2019n\u0131n Kula il\u00e7esinde Fatih Ortaokulu \u00f6\u011frencileri, Ramazan ay\u0131n\u0131n manevi atmosferini ya\u015fatmak amac\u0131yla d\u00fczenledikleri programla mahalle sokaklar\u0131n\u0131 \u015fenlendirdi. Geleneksel davul ve mani gelene\u011fini canland\u0131ran \u00f6\u011frenciler, hem nostalji ya\u015fatt\u0131 hem de vatanda\u015flardan b\u00fcy\u00fck alk\u0131\u015f ald\u0131.<br \/>\n<br \/>Kula\u2019da e\u011fitim veren Fatih Ortaokulu taraf\u0131ndan Ramazan ay\u0131n\u0131n birlik, beraberlik ve payla\u015fma ruhunu ya\u015fatmak amac\u0131yla \u00f6zel bir etkinlik d\u00fczenlendi. Okul y\u00f6netimi ve \u00f6\u011frencilerin haz\u0131rlad\u0131\u011f\u0131 program kapsam\u0131nda \u00f6\u011frenciler, geleneksel Ramazan davulcusu k\u0131yafetleri giyerek mahalle aralar\u0131nda davul \u00e7al\u0131p maniler s\u00f6yledi.<br \/>\n<br \/>Mahalle sakinlerinin ilgiyle takip etti\u011fi etkinlikte renkli g\u00f6r\u00fcnt\u00fcler olu\u015furken, \u00f6zellikle \u00e7ocuklar ve aileler \u00f6\u011frencileri alk\u0131\u015flarla destekledi. Ramazan ay\u0131n\u0131n simgelerinden biri olan davul gelene\u011finin ya\u015fat\u0131lmas\u0131, vatanda\u015flara nostaljik anlar ya\u015fatt\u0131.<br \/>\n<br \/>Program\u0131n bir di\u011fer b\u00f6l\u00fcm\u00fcnde ise \u00f6\u011frenciler taraf\u0131ndan haz\u0131rlanan imsakiyeler vatanda\u015flara da\u011f\u0131t\u0131ld\u0131. \u0130ftar ve sahur vakitlerini g\u00f6steren imsakiyeler, mahalle sakinlerine takdim edilirken \u00f6\u011frenciler Ramazan ay\u0131n\u0131n manevi anlam\u0131 \u00fczerine sohbet etti.<br \/>\n<br \/>Okul y\u00f6netiminden yap\u0131lan a\u00e7\u0131klamada, bu t\u00fcr etkinliklerin \u00f6\u011frencilerin k\u00fclt\u00fcrel de\u011ferleri \u00f6\u011frenmesi ve ya\u015fatmas\u0131 a\u00e7\u0131s\u0131ndan b\u00fcy\u00fck \u00f6nem ta\u015f\u0131d\u0131\u011f\u0131 vurguland\u0131. Ramazan ay\u0131n\u0131n yaln\u0131zca ibadetlerle de\u011fil, gelenek ve g\u00f6reneklerin aktar\u0131lmas\u0131yla da anlam kazand\u0131\u011f\u0131 belirtilerek, \u00f6\u011frencilerin g\u00f6sterdi\u011fi ilgi ve \u00f6zveriden memnuniyet duyuldu\u011fu ifade edildi.<br \/>\n<br \/>Veliler ve mahalle sakinleri ise ge\u00e7mi\u015ften g\u00fcn\u00fcm\u00fcze uzanan Ramazan geleneklerinin \u00e7ocuklar arac\u0131l\u0131\u011f\u0131yla ya\u015fat\u0131lmas\u0131n\u0131n \u00f6nemli oldu\u011funu belirterek, etkinli\u011fin hem e\u011fitici hem de toplumsal dayan\u0131\u015fmay\u0131 g\u00fc\u00e7lendiren bir y\u00f6n ta\u015f\u0131d\u0131\u011f\u0131n\u0131 dile getirdi.<br \/><\/p>\n","protected":false},"excerpt":{"rendered":"<p>Manisa\u2019n\u0131n Kula il\u00e7esinde Fatih Ortaokulu \u00f6\u011frencileri, Ramazan ay\u0131n\u0131n manevi atmosferini ya\u015fatmak amac\u0131yla d\u00fczenledikleri programla mahalle sokaklar\u0131n\u0131 \u015fenlendirdi. Geleneksel davul ve mani gelene\u011fini canland\u0131ran \u00f6\u011frenciler, hem nostalji ya\u015fatt\u0131 hem de vatanda\u015flardan b\u00fcy\u00fck alk\u0131\u015f ald\u0131. Kula\u2019da e\u011fitim veren Fatih Ortaokulu taraf\u0131ndan Ramazan ay\u0131n\u0131n birlik, beraberlik ve payla\u015fma ruhunu ya\u015fatmak amac\u0131yla \u00f6zel bir etkinlik d\u00fczenlendi. Okul y\u00f6netimi ve&#8230;<\/p>\n","protected":false},"author":1,"featured_media":88794,"comment_status":"open","ping_status":"open","sticky":false,"template":"","format":"standard","meta":{"_crdt_document":"","footnotes":""},"categories":[1],"tags":[],"class_list":["post-88793","post","type-post","status-publish","format-standard","has-post-thumbnail","hentry","category-guncel"],"_links":{"self":[{"href":"https:\/\/www.egemtv.com\/index.php?rest_route=\/wp\/v2\/posts\/88793","targetHints":{"allow":["GET"]}}],"collection":[{"href":"https:\/\/www.egemtv.com\/index.php?rest_route=\/wp\/v2\/posts"}],"about":[{"href":"https:\/\/www.egemtv.com\/index.php?rest_route=\/wp\/v2\/types\/post"}],"author":[{"embeddable":true,"href":"https:\/\/www.egemtv.com\/index.php?rest_route=\/wp\/v2\/users\/1"}],"replies":[{"embeddable":true,"href":"https:\/\/www.egemtv.com\/index.php?rest_route=%2Fwp%2Fv2%2Fcomments&post=88793"}],"version-history":[{"count":1,"href":"https:\/\/www.egemtv.com\/index.php?rest_route=\/wp\/v2\/posts\/88793\/revisions"}],"predecessor-version":[{"id":88795,"href":"https:\/\/www.egemtv.com\/index.php?rest_route=\/wp\/v2\/posts\/88793\/revisions\/88795"}],"wp:featuredmedia":[{"embeddable":true,"href":"https:\/\/www.egemtv.com\/index.php?rest_route=\/wp\/v2\/media\/88794"}],"wp:attachment":[{"href":"https:\/\/www.egemtv.com\/index.php?rest_route=%2Fwp%2Fv2%2Fmedia&parent=88793"}],"wp:term":[{"taxonomy":"category","embeddable":true,"href":"https:\/\/www.egemtv.com\/index.php?rest_route=%2Fwp%2Fv2%2Fcategories&post=88793"},{"taxonomy":"post_tag","embeddable":true,"href":"https:\/\/www.egemtv.com\/index.php?rest_route=%2Fwp%2Fv2%2Ftags&post=88793"}],"curies":[{"name":"wp","href":"https:\/\/api.w.org\/{rel}","templated":true}]}}