{"id":88790,"date":"2026-02-18T15:34:48","date_gmt":"2026-02-18T12:34:48","guid":{"rendered":"https:\/\/www.egemtv.com\/?p=88790"},"modified":"2026-02-18T15:34:49","modified_gmt":"2026-02-18T12:34:49","slug":"vali-akbiyiktan-ramazan-ayi-mesaji-2","status":"publish","type":"post","link":"https:\/\/www.egemtv.com\/?p=88790","title":{"rendered":"Vali Akb\u0131y\u0131k\u2019tan Ramazan ay\u0131 mesaj\u0131"},"content":{"rendered":"<p>Mu\u011fla valisi Dr. \u0130dris Akb\u0131y\u0131k rahmet ve bereket ay\u0131 Ramazan ay\u0131n\u0131n ba\u015flamas\u0131 nedeniyle mesaj yay\u0131mlad\u0131.<br \/>\n<br \/>Vali Akb\u0131y\u0131k mesaj\u0131nda, &#8220;Rahmet, ma\u011ffiret ve bereket ay\u0131 olan m\u00fcbarek Ramazan-\u0131 \u015eerif\u2019e kavu\u015fman\u0131n huzur ve mutlulu\u011funu hep birlikte ya\u015f\u0131yoruz. Ramazan ay\u0131; birlik ve beraberli\u011fimizi g\u00fc\u00e7lendiren, yard\u0131mla\u015fma ve dayan\u0131\u015fma duygular\u0131m\u0131z\u0131 peki\u015ftiren, g\u00f6n\u00fcllerimizi ar\u0131nd\u0131ran m\u00fcstesna bir zaman dilimidir. Bu m\u00fcbarek ay\u0131n; \u00fclkemize, milletimize ve t\u00fcm \u0130slam \u00e2lemine sa\u011fl\u0131k, huzur ve esenlik getirmesini temenni ediyorum. K\u00fclt\u00fcrel zenginli\u011fi, ho\u015fg\u00f6r\u00fc iklimi ve g\u00fc\u00e7l\u00fc dayan\u0131\u015fma ruhuyla \u00f6rnek bir \u015fehir olan Mu\u011fla\u2019m\u0131zda da Ramazan ay\u0131n\u0131n manevi atmosferinin en g\u00fczel \u015fekilde ya\u015fanaca\u011f\u0131na y\u00fcrekten inan\u0131yorum. Mu\u011flal\u0131 hem\u015fehrilerimizin bu m\u00fcbarek ay\u0131; sevgi, sayg\u0131, karde\u015flik ve payla\u015fma duygular\u0131 i\u00e7erisinde idrak edece\u011fine, ihtiya\u00e7 sahiplerine uzanan yard\u0131m elinin daha da g\u00fc\u00e7lenece\u011fine olan inanc\u0131m tamd\u0131r. Bu duygu ve d\u00fc\u015f\u00fcncelerle ba\u015fta k\u0131ymetli Mu\u011flal\u0131 hem\u015fehrilerim olmak \u00fczere aziz milletimizin ve t\u00fcm \u0130slam \u00e2leminin Ramazan-\u0131 \u015eerif\u2019ini en kalbi duygular\u0131mla tebrik ediyor; hay\u0131rlara vesile olmas\u0131n\u0131 diliyorum&#8221; dedi.<br \/><\/p>\n","protected":false},"excerpt":{"rendered":"<p>Mu\u011fla valisi Dr. \u0130dris Akb\u0131y\u0131k rahmet ve bereket ay\u0131 Ramazan ay\u0131n\u0131n ba\u015flamas\u0131 nedeniyle mesaj yay\u0131mlad\u0131. Vali Akb\u0131y\u0131k mesaj\u0131nda, &#8220;Rahmet, ma\u011ffiret ve bereket ay\u0131 olan m\u00fcbarek Ramazan-\u0131 \u015eerif\u2019e kavu\u015fman\u0131n huzur ve mutlulu\u011funu hep birlikte ya\u015f\u0131yoruz. Ramazan ay\u0131; birlik ve beraberli\u011fimizi g\u00fc\u00e7lendiren, yard\u0131mla\u015fma ve dayan\u0131\u015fma duygular\u0131m\u0131z\u0131 peki\u015ftiren, g\u00f6n\u00fcllerimizi ar\u0131nd\u0131ran m\u00fcstesna bir zaman dilimidir. Bu m\u00fcbarek ay\u0131n; \u00fclkemize,&#8230;<\/p>\n","protected":false},"author":1,"featured_media":88791,"comment_status":"open","ping_status":"open","sticky":false,"template":"","format":"standard","meta":{"_crdt_document":"","footnotes":""},"categories":[123],"tags":[],"class_list":["post-88790","post","type-post","status-publish","format-standard","has-post-thumbnail","hentry","category-gundem"],"_links":{"self":[{"href":"https:\/\/www.egemtv.com\/index.php?rest_route=\/wp\/v2\/posts\/88790","targetHints":{"allow":["GET"]}}],"collection":[{"href":"https:\/\/www.egemtv.com\/index.php?rest_route=\/wp\/v2\/posts"}],"about":[{"href":"https:\/\/www.egemtv.com\/index.php?rest_route=\/wp\/v2\/types\/post"}],"author":[{"embeddable":true,"href":"https:\/\/www.egemtv.com\/index.php?rest_route=\/wp\/v2\/users\/1"}],"replies":[{"embeddable":true,"href":"https:\/\/www.egemtv.com\/index.php?rest_route=%2Fwp%2Fv2%2Fcomments&post=88790"}],"version-history":[{"count":1,"href":"https:\/\/www.egemtv.com\/index.php?rest_route=\/wp\/v2\/posts\/88790\/revisions"}],"predecessor-version":[{"id":88792,"href":"https:\/\/www.egemtv.com\/index.php?rest_route=\/wp\/v2\/posts\/88790\/revisions\/88792"}],"wp:featuredmedia":[{"embeddable":true,"href":"https:\/\/www.egemtv.com\/index.php?rest_route=\/wp\/v2\/media\/88791"}],"wp:attachment":[{"href":"https:\/\/www.egemtv.com\/index.php?rest_route=%2Fwp%2Fv2%2Fmedia&parent=88790"}],"wp:term":[{"taxonomy":"category","embeddable":true,"href":"https:\/\/www.egemtv.com\/index.php?rest_route=%2Fwp%2Fv2%2Fcategories&post=88790"},{"taxonomy":"post_tag","embeddable":true,"href":"https:\/\/www.egemtv.com\/index.php?rest_route=%2Fwp%2Fv2%2Ftags&post=88790"}],"curies":[{"name":"wp","href":"https:\/\/api.w.org\/{rel}","templated":true}]}}