{"id":88787,"date":"2026-02-18T15:34:46","date_gmt":"2026-02-18T12:34:46","guid":{"rendered":"https:\/\/www.egemtv.com\/?p=88787"},"modified":"2026-02-18T15:34:48","modified_gmt":"2026-02-18T12:34:48","slug":"germencikte-ramazan-kolilerinin-dagitimi-suruyor","status":"publish","type":"post","link":"https:\/\/www.egemtv.com\/?p=88787","title":{"rendered":"Germencik\u2019te Ramazan kolilerinin da\u011f\u0131t\u0131m\u0131 s\u00fcr\u00fcyor"},"content":{"rendered":"<p>Germencik Belediye Ba\u015fkan\u0131 Burak Zencirci sosyal incelemeleri yap\u0131lan ihtiya\u00e7 sahibi vatanda\u015flara y\u0131l i\u00e7inde d\u00fczenli olarak ger\u00e7ekle\u015ftirilen g\u0131da yard\u0131m\u0131n\u0131n Ramazan ay\u0131 \u00f6ncesinde de devam ettiklerini, Germencik\u2019in t\u00fcm mahallelerinde da\u011f\u0131t\u0131mlar\u0131n s\u00fcrd\u00fc\u011f\u00fcn\u00fc ifade etti.<br \/>\n<br \/>Germencik Belediyesi Sosyal A\u011f\u0131 (GESA) ekipleri taraf\u0131ndan il\u00e7enin 36 mahallesinde sosyal incelemeleri yap\u0131lan ve ihtiya\u00e7 sahibi olduklar\u0131 tespit edilen vatanda\u015flar\u0131n hanelerini ziyaret ederek Ramazan erzak kolilerini ula\u015ft\u0131r\u0131yor.<br \/>\n<br \/>Sosyal belediyecili\u011fin bir gere\u011fi olarak halk\u0131n \u00f6zellikle sosyal ve ekonomik anlamda her zaman yan\u0131nda olduklar\u0131n\u0131 ve hi\u00e7bir aksamaya izin vermeden hizmet ve \u00e7al\u0131\u015fmalar\u0131 s\u00fcrd\u00fcrd\u00fcklerini ifade eden Ba\u015fkan Zencirci &#8220;Halk\u0131m\u0131z\u0131n sosyal ve ekonomik alanda da yan\u0131nda oluyor, sosyal belediyecilik ilkemiz gere\u011fince hizmet ve faaliyetlerimizi kesintisiz s\u00fcrd\u00fcr\u00fcyoruz. Y\u0131l boyu rutin bir \u015fekilde ilerleyen g\u0131da yard\u0131m\u0131 konusunda da ayn\u0131 istikrarla devam ediyor, Ramazan ay\u0131 \u00f6ncesi ihtiya\u00e7 sahibi ailelerimizi yaln\u0131z b\u0131rakm\u0131yoruz. GESA ekiplerimiz Ramazan ay\u0131 \u00f6ncesinde ihtiya\u00e7 sahibi vatanda\u015flar\u0131m\u0131z\u0131n hanelerini ziyaret ederek hem erzak kolilerini teslim ediyor hem de di\u011fer taleplerini dinleyerek \u00e7\u00f6z\u00fcm \u00fcretiyor. T\u00fcm halk\u0131m\u0131za huzur, sa\u011fl\u0131k ve mutluluk dolu bir Ramazan ay\u0131 diliyorum. Her zaman yanlar\u0131nday\u0131z&#8221; dedi.<br \/><\/p>\n","protected":false},"excerpt":{"rendered":"<p>Germencik Belediye Ba\u015fkan\u0131 Burak Zencirci sosyal incelemeleri yap\u0131lan ihtiya\u00e7 sahibi vatanda\u015flara y\u0131l i\u00e7inde d\u00fczenli olarak ger\u00e7ekle\u015ftirilen g\u0131da yard\u0131m\u0131n\u0131n Ramazan ay\u0131 \u00f6ncesinde de devam ettiklerini, Germencik\u2019in t\u00fcm mahallelerinde da\u011f\u0131t\u0131mlar\u0131n s\u00fcrd\u00fc\u011f\u00fcn\u00fc ifade etti. Germencik Belediyesi Sosyal A\u011f\u0131 (GESA) ekipleri taraf\u0131ndan il\u00e7enin 36 mahallesinde sosyal incelemeleri yap\u0131lan ve ihtiya\u00e7 sahibi olduklar\u0131 tespit edilen vatanda\u015flar\u0131n hanelerini ziyaret ederek Ramazan&#8230;<\/p>\n","protected":false},"author":1,"featured_media":88788,"comment_status":"open","ping_status":"open","sticky":false,"template":"","format":"standard","meta":{"_crdt_document":"","footnotes":""},"categories":[1],"tags":[],"class_list":["post-88787","post","type-post","status-publish","format-standard","has-post-thumbnail","hentry","category-guncel"],"_links":{"self":[{"href":"https:\/\/www.egemtv.com\/index.php?rest_route=\/wp\/v2\/posts\/88787","targetHints":{"allow":["GET"]}}],"collection":[{"href":"https:\/\/www.egemtv.com\/index.php?rest_route=\/wp\/v2\/posts"}],"about":[{"href":"https:\/\/www.egemtv.com\/index.php?rest_route=\/wp\/v2\/types\/post"}],"author":[{"embeddable":true,"href":"https:\/\/www.egemtv.com\/index.php?rest_route=\/wp\/v2\/users\/1"}],"replies":[{"embeddable":true,"href":"https:\/\/www.egemtv.com\/index.php?rest_route=%2Fwp%2Fv2%2Fcomments&post=88787"}],"version-history":[{"count":1,"href":"https:\/\/www.egemtv.com\/index.php?rest_route=\/wp\/v2\/posts\/88787\/revisions"}],"predecessor-version":[{"id":88789,"href":"https:\/\/www.egemtv.com\/index.php?rest_route=\/wp\/v2\/posts\/88787\/revisions\/88789"}],"wp:featuredmedia":[{"embeddable":true,"href":"https:\/\/www.egemtv.com\/index.php?rest_route=\/wp\/v2\/media\/88788"}],"wp:attachment":[{"href":"https:\/\/www.egemtv.com\/index.php?rest_route=%2Fwp%2Fv2%2Fmedia&parent=88787"}],"wp:term":[{"taxonomy":"category","embeddable":true,"href":"https:\/\/www.egemtv.com\/index.php?rest_route=%2Fwp%2Fv2%2Fcategories&post=88787"},{"taxonomy":"post_tag","embeddable":true,"href":"https:\/\/www.egemtv.com\/index.php?rest_route=%2Fwp%2Fv2%2Ftags&post=88787"}],"curies":[{"name":"wp","href":"https:\/\/api.w.org\/{rel}","templated":true}]}}