{"id":88784,"date":"2026-02-18T15:14:45","date_gmt":"2026-02-18T12:14:45","guid":{"rendered":"https:\/\/www.egemtv.com\/?p=88784"},"modified":"2026-02-18T15:14:46","modified_gmt":"2026-02-18T12:14:46","slug":"manisa-ticaret-borsasi-anadolu-lisesinden-akran-zorbaligi-semineri","status":"publish","type":"post","link":"https:\/\/www.egemtv.com\/?p=88784","title":{"rendered":"Manisa Ticaret Borsas\u0131 Anadolu Lisesi\u2019nden \u2019Akran Zorbal\u0131\u011f\u0131&#8221; semineri"},"content":{"rendered":"<p>Manisa Ticaret Borsas\u0131 Anadolu Lisesi\u2019nde \u00f6\u011frencilerin psikososyal geli\u015fimini desteklemek ve g\u00fcvenli okul iklimini g\u00fc\u00e7lendirmek amac\u0131yla &#8220;Akran Zorbal\u0131\u011f\u0131&#8221; konulu bir seminer ger\u00e7ekle\u015ftirildi.<br \/>\n<br \/>Okul Rehberlik Servisi koordinasyonunda d\u00fczenlenen programda Uzman Klinik Psikolog Burak Zeybek taraf\u0131ndan \u00f6\u011frencilere akran zorbal\u0131\u011f\u0131n\u0131n tan\u0131m\u0131, t\u00fcrleri ve psikolojik etkileri hakk\u0131nda kapsaml\u0131 bilgiler verildi. Seminerde ayr\u0131ca zorbal\u0131kla ba\u015f etme yollar\u0131, empati bilinci geli\u015ftirme ve g\u00fcvenli ileti\u015fim becerileri \u00fczerinde duruldu. \u00d6\u011frencilerin yo\u011fun ilgi g\u00f6sterdi\u011fi programda, soru-cevap b\u00f6l\u00fcm\u00fcyle interaktif bir ortam olu\u015fturularak fark\u0131ndal\u0131k \u00e7al\u0131\u015fmas\u0131 peki\u015ftirildi. Manisa Ticaret Borsas\u0131 Anadolu Lisesi, \u00f6\u011frencilerin akademik ba\u015far\u0131lar\u0131n\u0131n yan\u0131 s\u0131ra sosyal ve duygusal geli\u015fimlerini de \u00f6nceleyen e\u011fitim anlay\u0131\u015f\u0131 do\u011frultusunda bilin\u00e7lendirme \u00e7al\u0131\u015fmalar\u0131n\u0131 s\u00fcrd\u00fcrece\u011fi belirtildi.<br \/><\/p>\n","protected":false},"excerpt":{"rendered":"<p>Manisa Ticaret Borsas\u0131 Anadolu Lisesi\u2019nde \u00f6\u011frencilerin psikososyal geli\u015fimini desteklemek ve g\u00fcvenli okul iklimini g\u00fc\u00e7lendirmek amac\u0131yla &#8220;Akran Zorbal\u0131\u011f\u0131&#8221; konulu bir seminer ger\u00e7ekle\u015ftirildi. Okul Rehberlik Servisi koordinasyonunda d\u00fczenlenen programda Uzman Klinik Psikolog Burak Zeybek taraf\u0131ndan \u00f6\u011frencilere akran zorbal\u0131\u011f\u0131n\u0131n tan\u0131m\u0131, t\u00fcrleri ve psikolojik etkileri hakk\u0131nda kapsaml\u0131 bilgiler verildi. Seminerde ayr\u0131ca zorbal\u0131kla ba\u015f etme yollar\u0131, empati bilinci geli\u015ftirme ve&#8230;<\/p>\n","protected":false},"author":1,"featured_media":88785,"comment_status":"open","ping_status":"open","sticky":false,"template":"","format":"standard","meta":{"_crdt_document":"","footnotes":""},"categories":[1],"tags":[],"class_list":["post-88784","post","type-post","status-publish","format-standard","has-post-thumbnail","hentry","category-guncel"],"_links":{"self":[{"href":"https:\/\/www.egemtv.com\/index.php?rest_route=\/wp\/v2\/posts\/88784","targetHints":{"allow":["GET"]}}],"collection":[{"href":"https:\/\/www.egemtv.com\/index.php?rest_route=\/wp\/v2\/posts"}],"about":[{"href":"https:\/\/www.egemtv.com\/index.php?rest_route=\/wp\/v2\/types\/post"}],"author":[{"embeddable":true,"href":"https:\/\/www.egemtv.com\/index.php?rest_route=\/wp\/v2\/users\/1"}],"replies":[{"embeddable":true,"href":"https:\/\/www.egemtv.com\/index.php?rest_route=%2Fwp%2Fv2%2Fcomments&post=88784"}],"version-history":[{"count":1,"href":"https:\/\/www.egemtv.com\/index.php?rest_route=\/wp\/v2\/posts\/88784\/revisions"}],"predecessor-version":[{"id":88786,"href":"https:\/\/www.egemtv.com\/index.php?rest_route=\/wp\/v2\/posts\/88784\/revisions\/88786"}],"wp:featuredmedia":[{"embeddable":true,"href":"https:\/\/www.egemtv.com\/index.php?rest_route=\/wp\/v2\/media\/88785"}],"wp:attachment":[{"href":"https:\/\/www.egemtv.com\/index.php?rest_route=%2Fwp%2Fv2%2Fmedia&parent=88784"}],"wp:term":[{"taxonomy":"category","embeddable":true,"href":"https:\/\/www.egemtv.com\/index.php?rest_route=%2Fwp%2Fv2%2Fcategories&post=88784"},{"taxonomy":"post_tag","embeddable":true,"href":"https:\/\/www.egemtv.com\/index.php?rest_route=%2Fwp%2Fv2%2Ftags&post=88784"}],"curies":[{"name":"wp","href":"https:\/\/api.w.org\/{rel}","templated":true}]}}