{"id":88781,"date":"2026-02-18T15:14:44","date_gmt":"2026-02-18T12:14:44","guid":{"rendered":"https:\/\/www.egemtv.com\/?p=88781"},"modified":"2026-02-18T15:14:45","modified_gmt":"2026-02-18T12:14:45","slug":"puanli-atletizm-il-birinciligi-musabakalari-sona-erdi","status":"publish","type":"post","link":"https:\/\/www.egemtv.com\/?p=88781","title":{"rendered":"Puanl\u0131 Atletizm \u0130l Birincili\u011fi m\u00fcsabakalar\u0131 sona erdi"},"content":{"rendered":"<p>Okul Sporlar\u0131 \u2019K\u00fc\u00e7\u00fckler Puanl\u0131 Atletizm il Birincili\u011fi\u2019 m\u00fcsabakalar\u0131 Afyonkarahisar\u2019da tamamland\u0131.<br \/>\n<br \/>Gen\u00e7lik ve Spor \u0130l M\u00fcd\u00fcrl\u00fc\u011f\u00fc koordinesinde yap\u0131lan m\u00fcsabakalar Kocatepe Spor Kompleksinde yap\u0131ld\u0131. 2025-2026 e\u011fitim \u00f6\u011fretim y\u0131l\u0131 Okul Sporlar\u0131 K\u00fc\u00e7\u00fckler Puanl\u0131 Atletizm \u0130l Birincili\u011fi m\u00fcsabakalar\u0131 Afyonkarahisar\u2019da tamamland\u0131. K\u00fc\u00e7\u00fck k\u0131zlar ve k\u00fc\u00e7\u00fck erkekler kategorilerinde ger\u00e7ekle\u015ftirilen yar\u0131\u015fmalarda sporcular\u0131n ortaya koydu\u011fu performanslar b\u00fcy\u00fck be\u011feni toplad\u0131.<br \/>\n<br \/>M\u00fcsabakalar, d\u00fczenlenen \u00f6d\u00fcl t\u00f6reninin ard\u0131ndan sona erdi.<br \/><\/p>\n","protected":false},"excerpt":{"rendered":"<p>Okul Sporlar\u0131 \u2019K\u00fc\u00e7\u00fckler Puanl\u0131 Atletizm il Birincili\u011fi\u2019 m\u00fcsabakalar\u0131 Afyonkarahisar\u2019da tamamland\u0131. Gen\u00e7lik ve Spor \u0130l M\u00fcd\u00fcrl\u00fc\u011f\u00fc koordinesinde yap\u0131lan m\u00fcsabakalar Kocatepe Spor Kompleksinde yap\u0131ld\u0131. 2025-2026 e\u011fitim \u00f6\u011fretim y\u0131l\u0131 Okul Sporlar\u0131 K\u00fc\u00e7\u00fckler Puanl\u0131 Atletizm \u0130l Birincili\u011fi m\u00fcsabakalar\u0131 Afyonkarahisar\u2019da tamamland\u0131. K\u00fc\u00e7\u00fck k\u0131zlar ve k\u00fc\u00e7\u00fck erkekler kategorilerinde ger\u00e7ekle\u015ftirilen yar\u0131\u015fmalarda sporcular\u0131n ortaya koydu\u011fu performanslar b\u00fcy\u00fck be\u011feni toplad\u0131. M\u00fcsabakalar, d\u00fczenlenen \u00f6d\u00fcl t\u00f6reninin&#8230;<\/p>\n","protected":false},"author":1,"featured_media":88782,"comment_status":"open","ping_status":"open","sticky":false,"template":"","format":"standard","meta":{"_crdt_document":"","footnotes":""},"categories":[4],"tags":[],"class_list":["post-88781","post","type-post","status-publish","format-standard","has-post-thumbnail","hentry","category-spor"],"_links":{"self":[{"href":"https:\/\/www.egemtv.com\/index.php?rest_route=\/wp\/v2\/posts\/88781","targetHints":{"allow":["GET"]}}],"collection":[{"href":"https:\/\/www.egemtv.com\/index.php?rest_route=\/wp\/v2\/posts"}],"about":[{"href":"https:\/\/www.egemtv.com\/index.php?rest_route=\/wp\/v2\/types\/post"}],"author":[{"embeddable":true,"href":"https:\/\/www.egemtv.com\/index.php?rest_route=\/wp\/v2\/users\/1"}],"replies":[{"embeddable":true,"href":"https:\/\/www.egemtv.com\/index.php?rest_route=%2Fwp%2Fv2%2Fcomments&post=88781"}],"version-history":[{"count":1,"href":"https:\/\/www.egemtv.com\/index.php?rest_route=\/wp\/v2\/posts\/88781\/revisions"}],"predecessor-version":[{"id":88783,"href":"https:\/\/www.egemtv.com\/index.php?rest_route=\/wp\/v2\/posts\/88781\/revisions\/88783"}],"wp:featuredmedia":[{"embeddable":true,"href":"https:\/\/www.egemtv.com\/index.php?rest_route=\/wp\/v2\/media\/88782"}],"wp:attachment":[{"href":"https:\/\/www.egemtv.com\/index.php?rest_route=%2Fwp%2Fv2%2Fmedia&parent=88781"}],"wp:term":[{"taxonomy":"category","embeddable":true,"href":"https:\/\/www.egemtv.com\/index.php?rest_route=%2Fwp%2Fv2%2Fcategories&post=88781"},{"taxonomy":"post_tag","embeddable":true,"href":"https:\/\/www.egemtv.com\/index.php?rest_route=%2Fwp%2Fv2%2Ftags&post=88781"}],"curies":[{"name":"wp","href":"https:\/\/api.w.org\/{rel}","templated":true}]}}