{"id":88772,"date":"2026-02-18T14:54:56","date_gmt":"2026-02-18T11:54:56","guid":{"rendered":"https:\/\/www.egemtv.com\/?p=88772"},"modified":"2026-02-18T14:54:57","modified_gmt":"2026-02-18T11:54:57","slug":"mugla-iskurdan-istihdam-tesvikleri-bilgilendirme-toplantilari-devam-ediyor","status":"publish","type":"post","link":"https:\/\/www.egemtv.com\/?p=88772","title":{"rendered":"Mu\u011fla \u0130\u015eKUR\u2019dan istihdam te\u015fvikleri bilgilendirme toplant\u0131lar\u0131 devam ediyor"},"content":{"rendered":"<p>Mu\u011fla \u00c7al\u0131\u015fma ve \u0130\u015f Kurumu \u0130l M\u00fcd\u00fcrl\u00fc\u011f\u00fc (\u0130\u015eKUR) taraf\u0131ndan d\u00fczenlenen &#8220;\u0130\u015eKUR Hizmetleri ve \u0130\u015eKUR \u0130stihdam Te\u015fvikleri&#8221; konulu bilgilendirme toplant\u0131lar\u0131 yo\u011fun kat\u0131l\u0131mla ger\u00e7ekle\u015ftirildi. G\u00fcney Ege Turistik Otelciler ve \u0130\u015fletmeciler Birli\u011fi (GETOB), Bodrum Otelciler Derne\u011fi (BODER) ve Fethiye Otelciler Birli\u011fi Derne\u011fi (FODER) ev sahipli\u011finde d\u00fczenlenen &#8220;\u0130\u015eKUR Hizmetleri ve \u0130stihdam Te\u015fvikleri&#8221; toplant\u0131lar\u0131 yo\u011fun kat\u0131l\u0131mla ger\u00e7ekle\u015fti.<br \/>\n<br \/>Toplant\u0131lara kat\u0131lan Zahide Alt\u0131nok, 2026 y\u0131l\u0131na ili\u015fkin g\u00fcncel te\u015fvikleri i\u015fverenlere do\u011frudan ve uygulama odakl\u0131 bir \u015fekilde anlatt\u0131. G\u00fcncel istihdam destekleri, i\u015fba\u015f\u0131 e\u011fitim program\u0131, nitelikli i\u015fg\u00fcc\u00fc yeti\u015ftirme program\u0131 ve aday havuz sistemi. \u00d6zellikle gen\u00e7 istihdam\u0131n\u0131 hedefleyen Gen\u00e7li\u011fin \u00dcretim \u00c7a\u011f\u0131 (G\u00dc\u00c7) Program\u0131, toplant\u0131n\u0131n en dikkat \u00e7eken ba\u015fl\u0131klar\u0131ndan biri oldu. \u0130\u015fverenlere hem mali avantaj sa\u011flayan hem de gen\u00e7lerin \u00fcretim s\u00fcrecine h\u0131zl\u0131 kat\u0131l\u0131m\u0131n\u0131 hedefleyen program, kat\u0131l\u0131mc\u0131lardan b\u00fcy\u00fck ilgi g\u00f6rd\u00fc.<br \/>\n<br \/>Dernek \u00fcyesi i\u015fverenler, insan kaynaklar\u0131 y\u00f6neticileri ve muhasebe yetkililerinin yo\u011fun kat\u0131l\u0131m g\u00f6sterdi\u011fi toplant\u0131larda, te\u015fviklerin nas\u0131l uygulanaca\u011f\u0131 ad\u0131m ad\u0131m anlat\u0131ld\u0131.<br \/>\n<br \/>Program\u0131n sonunda ger\u00e7ekle\u015ftirilen soru-cevap b\u00f6l\u00fcm\u00fcnde i\u015fverenlerin sahadaki sorunlar\u0131 tek tek ele al\u0131nd\u0131; s\u00fcre\u00e7ler ve ba\u015fvuru mekanizmalar\u0131 detayl\u0131 bi\u00e7imde a\u00e7\u0131kland\u0131.<br \/>\n<br \/>\u0130l M\u00fcd\u00fcr\u00fc Zahide Alt\u0131nok, bu bilgilendirme bulu\u015fmalar\u0131n\u0131n yaln\u0131zca bir toplant\u0131 de\u011fil, b\u00f6lgesel kalk\u0131nman\u0131n g\u00fc\u00e7l\u00fc bir ad\u0131m\u0131 oldu\u011funu vurgulad\u0131. \u0130l genelinde farkl\u0131 sekt\u00f6rlere y\u00f6nelik bilgilendirme faaliyetlerinin \u00f6n\u00fcm\u00fczdeki s\u00fcre\u00e7te de artarak devam edece\u011fi belirtildi.<br \/><\/p>\n","protected":false},"excerpt":{"rendered":"<p>Mu\u011fla \u00c7al\u0131\u015fma ve \u0130\u015f Kurumu \u0130l M\u00fcd\u00fcrl\u00fc\u011f\u00fc (\u0130\u015eKUR) taraf\u0131ndan d\u00fczenlenen &#8220;\u0130\u015eKUR Hizmetleri ve \u0130\u015eKUR \u0130stihdam Te\u015fvikleri&#8221; konulu bilgilendirme toplant\u0131lar\u0131 yo\u011fun kat\u0131l\u0131mla ger\u00e7ekle\u015ftirildi. G\u00fcney Ege Turistik Otelciler ve \u0130\u015fletmeciler Birli\u011fi (GETOB), Bodrum Otelciler Derne\u011fi (BODER) ve Fethiye Otelciler Birli\u011fi Derne\u011fi (FODER) ev sahipli\u011finde d\u00fczenlenen &#8220;\u0130\u015eKUR Hizmetleri ve \u0130stihdam Te\u015fvikleri&#8221; toplant\u0131lar\u0131 yo\u011fun kat\u0131l\u0131mla ger\u00e7ekle\u015fti. Toplant\u0131lara kat\u0131lan Zahide&#8230;<\/p>\n","protected":false},"author":1,"featured_media":88773,"comment_status":"open","ping_status":"open","sticky":false,"template":"","format":"standard","meta":{"_crdt_document":"","footnotes":""},"categories":[125],"tags":[],"class_list":["post-88772","post","type-post","status-publish","format-standard","has-post-thumbnail","hentry","category-ekonomi"],"_links":{"self":[{"href":"https:\/\/www.egemtv.com\/index.php?rest_route=\/wp\/v2\/posts\/88772","targetHints":{"allow":["GET"]}}],"collection":[{"href":"https:\/\/www.egemtv.com\/index.php?rest_route=\/wp\/v2\/posts"}],"about":[{"href":"https:\/\/www.egemtv.com\/index.php?rest_route=\/wp\/v2\/types\/post"}],"author":[{"embeddable":true,"href":"https:\/\/www.egemtv.com\/index.php?rest_route=\/wp\/v2\/users\/1"}],"replies":[{"embeddable":true,"href":"https:\/\/www.egemtv.com\/index.php?rest_route=%2Fwp%2Fv2%2Fcomments&post=88772"}],"version-history":[{"count":1,"href":"https:\/\/www.egemtv.com\/index.php?rest_route=\/wp\/v2\/posts\/88772\/revisions"}],"predecessor-version":[{"id":88774,"href":"https:\/\/www.egemtv.com\/index.php?rest_route=\/wp\/v2\/posts\/88772\/revisions\/88774"}],"wp:featuredmedia":[{"embeddable":true,"href":"https:\/\/www.egemtv.com\/index.php?rest_route=\/wp\/v2\/media\/88773"}],"wp:attachment":[{"href":"https:\/\/www.egemtv.com\/index.php?rest_route=%2Fwp%2Fv2%2Fmedia&parent=88772"}],"wp:term":[{"taxonomy":"category","embeddable":true,"href":"https:\/\/www.egemtv.com\/index.php?rest_route=%2Fwp%2Fv2%2Fcategories&post=88772"},{"taxonomy":"post_tag","embeddable":true,"href":"https:\/\/www.egemtv.com\/index.php?rest_route=%2Fwp%2Fv2%2Ftags&post=88772"}],"curies":[{"name":"wp","href":"https:\/\/api.w.org\/{rel}","templated":true}]}}