{"id":88769,"date":"2026-02-18T14:54:55","date_gmt":"2026-02-18T11:54:55","guid":{"rendered":"https:\/\/www.egemtv.com\/?p=88769"},"modified":"2026-02-18T14:54:56","modified_gmt":"2026-02-18T11:54:56","slug":"camiler-ramazan-ayina-hazirlandi","status":"publish","type":"post","link":"https:\/\/www.egemtv.com\/?p=88769","title":{"rendered":"Camiler Ramazan ay\u0131na haz\u0131rland\u0131"},"content":{"rendered":"<p>Afyonkarahisar\u2019da ki camiler yap\u0131lan temizlik \u00e7al\u0131\u015fmas\u0131yla yar\u0131n ba\u015flayacak olan Ramazan ay\u0131na haz\u0131r hale getirildi.<br \/>\n<br \/>Camilerimizin Afyonkarahisar Valili\u011fi himayelerinde, \u0130l M\u00fcft\u00fcl\u00fc\u011f\u00fc, T\u00fcrkiye Diyanet Vakf\u0131 Afyonkarahisar \u015eubesi (TDV) ve Sivil Toplum Kurulu\u015flar\u0131 (STK) i\u015fbirli\u011fi ile camilerin genel temizli\u011fi ve bak\u0131mlar\u0131n\u0131n yap\u0131ld\u0131\u011f\u0131 belirtildi.  Afyonkarahisar Vali Yard\u0131mc\u0131s\u0131 Bedir Deveci temizli\u011fi yap\u0131lan camileri yerinde incelerken, temizliklerin camii g\u00f6revlileri ba\u015fta olmak \u00fczere g\u00f6n\u00fcller taraf\u0131ndan ger\u00e7ekle\u015ftirildi\u011fi belirtildi.<br \/><\/p>\n","protected":false},"excerpt":{"rendered":"<p>Afyonkarahisar\u2019da ki camiler yap\u0131lan temizlik \u00e7al\u0131\u015fmas\u0131yla yar\u0131n ba\u015flayacak olan Ramazan ay\u0131na haz\u0131r hale getirildi. Camilerimizin Afyonkarahisar Valili\u011fi himayelerinde, \u0130l M\u00fcft\u00fcl\u00fc\u011f\u00fc, T\u00fcrkiye Diyanet Vakf\u0131 Afyonkarahisar \u015eubesi (TDV) ve Sivil Toplum Kurulu\u015flar\u0131 (STK) i\u015fbirli\u011fi ile camilerin genel temizli\u011fi ve bak\u0131mlar\u0131n\u0131n yap\u0131ld\u0131\u011f\u0131 belirtildi. Afyonkarahisar Vali Yard\u0131mc\u0131s\u0131 Bedir Deveci temizli\u011fi yap\u0131lan camileri yerinde incelerken, temizliklerin camii g\u00f6revlileri ba\u015fta olmak&#8230;<\/p>\n","protected":false},"author":1,"featured_media":88770,"comment_status":"open","ping_status":"open","sticky":false,"template":"","format":"standard","meta":{"_crdt_document":"","footnotes":""},"categories":[1],"tags":[],"class_list":["post-88769","post","type-post","status-publish","format-standard","has-post-thumbnail","hentry","category-guncel"],"_links":{"self":[{"href":"https:\/\/www.egemtv.com\/index.php?rest_route=\/wp\/v2\/posts\/88769","targetHints":{"allow":["GET"]}}],"collection":[{"href":"https:\/\/www.egemtv.com\/index.php?rest_route=\/wp\/v2\/posts"}],"about":[{"href":"https:\/\/www.egemtv.com\/index.php?rest_route=\/wp\/v2\/types\/post"}],"author":[{"embeddable":true,"href":"https:\/\/www.egemtv.com\/index.php?rest_route=\/wp\/v2\/users\/1"}],"replies":[{"embeddable":true,"href":"https:\/\/www.egemtv.com\/index.php?rest_route=%2Fwp%2Fv2%2Fcomments&post=88769"}],"version-history":[{"count":1,"href":"https:\/\/www.egemtv.com\/index.php?rest_route=\/wp\/v2\/posts\/88769\/revisions"}],"predecessor-version":[{"id":88771,"href":"https:\/\/www.egemtv.com\/index.php?rest_route=\/wp\/v2\/posts\/88769\/revisions\/88771"}],"wp:featuredmedia":[{"embeddable":true,"href":"https:\/\/www.egemtv.com\/index.php?rest_route=\/wp\/v2\/media\/88770"}],"wp:attachment":[{"href":"https:\/\/www.egemtv.com\/index.php?rest_route=%2Fwp%2Fv2%2Fmedia&parent=88769"}],"wp:term":[{"taxonomy":"category","embeddable":true,"href":"https:\/\/www.egemtv.com\/index.php?rest_route=%2Fwp%2Fv2%2Fcategories&post=88769"},{"taxonomy":"post_tag","embeddable":true,"href":"https:\/\/www.egemtv.com\/index.php?rest_route=%2Fwp%2Fv2%2Ftags&post=88769"}],"curies":[{"name":"wp","href":"https:\/\/api.w.org\/{rel}","templated":true}]}}