{"id":88766,"date":"2026-02-18T14:34:52","date_gmt":"2026-02-18T11:34:52","guid":{"rendered":"https:\/\/www.egemtv.com\/?p=88766"},"modified":"2026-02-18T14:34:52","modified_gmt":"2026-02-18T11:34:52","slug":"konya-sekere-bagli-soma-termik-santralinde-isciler-sokaga-dokuldu","status":"publish","type":"post","link":"https:\/\/www.egemtv.com\/?p=88766","title":{"rendered":"Konya \u015eeker\u2019e ba\u011fl\u0131 Soma Termik Santrali\u2019nde i\u015f\u00e7iler soka\u011fa d\u00f6k\u00fcld\u00fc"},"content":{"rendered":"<p>B\u00fcnyesinde Torku gibi b\u00fcy\u00fck firmalar\u0131 bulunduran Konya \u015eeker taraf\u0131ndan i\u015fletilen Soma Termik Santrali\u2019nde, firman\u0131n zarar etti\u011fi gerek\u00e7esiyle i\u015f\u00e7ileri \u00fccretsiz izne \u00e7\u0131karmaya ba\u015flamas\u0131 \u00fczerine \u00e7al\u0131\u015fanlar eylem ba\u015flatt\u0131. Santral \u00f6n\u00fcnde toplanan i\u015f\u00e7iler, kent merkezine y\u00fcr\u00fcyerek karara tepki g\u00f6sterdi.<br \/>\n<br \/>Manisa\u2019n\u0131n Soma il\u00e7esinde faaliyet g\u00f6steren termik santralde \u00fccretsiz izin karar\u0131 protesto edildi. 2015 y\u0131l\u0131nda Soma Termik Santrali\u2019ni 685 milyon liraya sat\u0131n alan Konya \u015eeker\u2019in, kamu i\u015ftiraki T\u00fcrkiye K\u00f6m\u00fcr \u0130\u015fletmeleri\u2019ne (TK\u0130) olan 18 milyar liral\u0131k borcu nedeniyle mali zorluklar ya\u015fad\u0131\u011f\u0131 \u00f6\u011frenildi. Yakla\u015f\u0131k 10 ayd\u0131r \u00fcretimin durdu\u011fu tesiste, firman\u0131n i\u015f\u00e7ileri &#8220;\u00fccretsiz izne&#8221; \u00e7\u0131karma karar\u0131 almas\u0131 \u00fczerine sabah saatlerinde santral \u00f6n\u00fcnde toplanan i\u015f\u00e7iler tepki y\u00fcr\u00fcy\u00fc\u015f\u00fc d\u00fczenledi. Yakla\u015f\u0131k 2 kilometre y\u00fcr\u00fcyerek il\u00e7e merkezindeki Cengiz Topel Meydan\u0131\u2019na ula\u015fan i\u015f\u00e7ilere siyasi parti temsilcileri de destek verdi. Toplanan i\u015f\u00e7ilere hitaben konu\u015fan Tes-\u0130\u015f Sendikas\u0131 Ba\u015fkan\u0131 Mustafa Girginler, &#8220;Buraya toplanmam\u0131z\u0131n nedeni Torku Soma Termik Santrali\u2019nin y\u0131llardan bu yana Soma\u2019ya verdi\u011fi zarard\u0131r. 2015 y\u0131l\u0131nda \u00f6zelle\u015fti\u011fi g\u00fcnden bu yana bu firma buraya hi\u00e7bir yat\u0131r\u0131m revizyon yapmad\u0131\u011f\u0131 i\u00e7in milli servetimiz hurda y\u0131\u011f\u0131n\u0131na d\u00f6nm\u00fc\u015ft\u00fcr. Biz emek\u00e7iler olarak burada y\u0131llardan bu yana bu bacalar t\u00fcts\u00fcn diye al\u0131n terimizi ortaya koyduk. Malzeme almad\u0131lar hurdal\u0131ktan malzeme bulduk mekanik at\u00f6lyede i\u015fledik, s\u0131rf bu bacalar t\u00fct\u00fcn diye elimizden ne geliyorsa yapt\u0131k. D\u00fcn toplu s\u00f6zle\u015fmemizi bitirdik, s\u00f6zle\u015fmeye uymuyorlar. D\u00fcn ak\u015famdan itibaren \u00e7al\u0131\u015fan arkada\u015flar\u0131m\u0131z\u0131 \u00fccretsiz izne \u00e7\u0131karmaya ba\u015flad\u0131lar. Biz buna asla m\u00fcsaade etmeyece\u011fiz. Buradan yetkililere sesleniyorum bu i\u015fin ad\u0131 bir an \u00f6nce konmas\u0131 gerekiyor. Bir bu\u00e7uk y\u0131ld\u0131r bir \u00e7\u00f6z\u00fcme ula\u015f\u0131lamad\u0131. Eylemimiz bug\u00fcn ba\u015flam\u0131\u015ft\u0131r. Torku yetkilileri m\u00fcbarek ramazan ay\u0131nda bizleri i\u015fsiz ve a\u015fs\u0131z b\u0131rakt\u0131lar. Asla geri ad\u0131m atmayaca\u011f\u0131z. Bu i\u015f a\u00e7l\u0131k eylemine kadar gidecek&#8221; dedi.<\/p>\n<p>&#8220;Bu mesele Soma\u2019n\u0131n gelecek meselesidir&#8221;<br \/>\n<br \/>Soma Belediye Ba\u015fkan\u0131 Sercan Okur, il\u00e7enin tek y\u00fcrek oldu\u011funu belirterek, &#8220;M\u00fcbarek Ramazan ay\u0131 arifesinde hepimizi olumsuz etkileyecek ve derinden \u00fczen bir haberle ba\u015f ba\u015fa kald\u0131k. Torku, 2015 y\u0131l\u0131nda alm\u0131\u015f oldu\u011fu santrali adeta i\u00e7indeki yo\u011furdu kayma\u011f\u0131 yiyerek bize bo\u015f bir kap \u015feklinde b\u0131rakmak istiyor. Buna asla izin vermeyece\u011fiz. Bug\u00fcn burada AK Parti, CHP, MHP, \u0130Y\u0130 Parti hepimiz bir araday\u0131z. B\u00fct\u00fcn siyasi partiler, sendikalar, oda ba\u015fkanlar\u0131, sivil toplum \u00f6rg\u00fctleri, i\u015f\u00e7iler, belediye \u00e7al\u0131\u015fanlar\u0131, muhtarlar hepimiz bir araday\u0131z. Bu mesele sadece i\u015f\u00e7ilerin de\u011fil, Soma\u2019n\u0131n gelecek meselesidir&#8221; dedi.<\/p>\n<p>&#8220;Firman\u0131n gitmesini bizler de sizler kadar istiyoruz&#8221;<br \/>\n<br \/>AK Parti Soma \u0130l\u00e7e Ba\u015fkan\u0131 Ali Sezer ise i\u015f\u00e7ilere hitaben m\u00fccadelenin yan\u0131nda olduklar\u0131n\u0131 vurgulayarak \u015f\u00f6yle konu\u015ftu: &#8220;Bu firma Soma\u2019ya bug\u00fcne kadar bir \u00e7ivi \u00e7akmad\u0131. Bir delikli kuru\u015flar\u0131 nasip olmad\u0131. \u0130\u015f\u00e7ilerimizin haklar\u0131n\u0131 s\u00f6z verdi\u011fi halde vermedi. Dolay\u0131s\u0131yla bilin ki ben sizinle beraber m\u00fccadele etmeye sizinle beraber her konuda y\u00fcr\u00fcmeye var\u0131m, haz\u0131r\u0131m. Biz Torku\u2019nun y\u00f6netim kurulu karar\u0131n\u0131 ald\u0131\u011f\u0131n\u0131 duydu\u011fumuzdan itibaren o gece bize sabah olmad\u0131. Bakanl\u0131klar, milletvekillerimiz, il ba\u015fkan\u0131m\u0131z\u0131 arad\u0131k. Hepsini net olarak bilgilendirdik. D\u00fcn hem TK\u0130, hem de Enerji Bakanl\u0131\u011f\u0131\u2019nda kriz masas\u0131 kuruldu. Devir noktas\u0131nda sadece Hazine Bakanl\u0131\u011f\u0131 ve Maliye Bakanl\u0131\u011f\u0131\u2019n\u0131n da g\u00f6r\u00fc\u015f\u00fc gerekiyor. Biz en k\u0131sa s\u00fcrede Torku\u2019nun buradan gitmesini ve yeni bir kurumla yola devam etmek istiyoruz&#8221;<\/p>\n<p>\u0130\u015f\u00e7ilere ortak destek<br \/>\n<br \/>Eyleme CHP\u2019li Soma Belediye Ba\u015fkan\u0131 Sercan Okur, AK Parti \u0130l\u00e7e Ba\u015fkan\u0131 Ali Sezer, MHP \u0130l\u00e7e Ba\u015fkan\u0131 Metin \u015eahin, \u0130Y\u0130 Parti \u0130l\u00e7e Ba\u015fkan\u0131 Turan Kele\u015f, CHP \u0130l\u00e7e y\u00f6neticileri, Tes-\u0130\u015f Sendika Ba\u015fkan\u0131 Mustafa Girginler, Madem \u0130\u015f Sendikas\u0131 Genel Merkez y\u00f6neticisi Zekeriya Ayd\u0131n, Maden \u0130\u015f Soma \u015eube Ba\u015fkan\u0131 Ali Uzun, Maden \u0130\u015f 1 Nolu \u015eube Ba\u015fkan\u0131 Murat \u00c7olak, Maden \u0130\u015f 2 nolu \u015eube Ba\u015fkan\u0131 R\u0131za Sal, Ticaret Odas\u0131 Ba\u015fkan\u0131 Cem Do\u011fan, Nakliyeciler Kooperatifi Ba\u015fkan\u0131 H\u00fcseyin Bezirgan, Esnaf Kefalet Kooperatifi Ba\u015fkan\u0131 Ali Ayan, Sanayi Sitesi Kooperatifi Ba\u015fkan\u0131 Hayati \u015eahin ile muhtarlar ve i\u015f\u00e7iler kat\u0131ld\u0131.<br \/>\n<br \/>Konu\u015fmalar\u0131n ard\u0131ndan i\u015f\u00e7i temsilcileri, \u00e7\u00f6z\u00fcm s\u00fcreci i\u00e7in Kaymakam \u00dcnal Ko\u00e7 ile bir toplant\u0131 ger\u00e7ekle\u015ftirdi.<br \/><\/p>\n","protected":false},"excerpt":{"rendered":"<p>B\u00fcnyesinde Torku gibi b\u00fcy\u00fck firmalar\u0131 bulunduran Konya \u015eeker taraf\u0131ndan i\u015fletilen Soma Termik Santrali\u2019nde, firman\u0131n zarar etti\u011fi gerek\u00e7esiyle i\u015f\u00e7ileri \u00fccretsiz izne \u00e7\u0131karmaya ba\u015flamas\u0131 \u00fczerine \u00e7al\u0131\u015fanlar eylem ba\u015flatt\u0131. Santral \u00f6n\u00fcnde toplanan i\u015f\u00e7iler, kent merkezine y\u00fcr\u00fcyerek karara tepki g\u00f6sterdi. Manisa\u2019n\u0131n Soma il\u00e7esinde faaliyet g\u00f6steren termik santralde \u00fccretsiz izin karar\u0131 protesto edildi. 2015 y\u0131l\u0131nda Soma Termik Santrali\u2019ni 685 milyon&#8230;<\/p>\n","protected":false},"author":1,"featured_media":88767,"comment_status":"open","ping_status":"open","sticky":false,"template":"","format":"standard","meta":{"_crdt_document":"","footnotes":""},"categories":[123],"tags":[],"class_list":["post-88766","post","type-post","status-publish","format-standard","has-post-thumbnail","hentry","category-gundem"],"_links":{"self":[{"href":"https:\/\/www.egemtv.com\/index.php?rest_route=\/wp\/v2\/posts\/88766","targetHints":{"allow":["GET"]}}],"collection":[{"href":"https:\/\/www.egemtv.com\/index.php?rest_route=\/wp\/v2\/posts"}],"about":[{"href":"https:\/\/www.egemtv.com\/index.php?rest_route=\/wp\/v2\/types\/post"}],"author":[{"embeddable":true,"href":"https:\/\/www.egemtv.com\/index.php?rest_route=\/wp\/v2\/users\/1"}],"replies":[{"embeddable":true,"href":"https:\/\/www.egemtv.com\/index.php?rest_route=%2Fwp%2Fv2%2Fcomments&post=88766"}],"version-history":[{"count":1,"href":"https:\/\/www.egemtv.com\/index.php?rest_route=\/wp\/v2\/posts\/88766\/revisions"}],"predecessor-version":[{"id":88768,"href":"https:\/\/www.egemtv.com\/index.php?rest_route=\/wp\/v2\/posts\/88766\/revisions\/88768"}],"wp:featuredmedia":[{"embeddable":true,"href":"https:\/\/www.egemtv.com\/index.php?rest_route=\/wp\/v2\/media\/88767"}],"wp:attachment":[{"href":"https:\/\/www.egemtv.com\/index.php?rest_route=%2Fwp%2Fv2%2Fmedia&parent=88766"}],"wp:term":[{"taxonomy":"category","embeddable":true,"href":"https:\/\/www.egemtv.com\/index.php?rest_route=%2Fwp%2Fv2%2Fcategories&post=88766"},{"taxonomy":"post_tag","embeddable":true,"href":"https:\/\/www.egemtv.com\/index.php?rest_route=%2Fwp%2Fv2%2Ftags&post=88766"}],"curies":[{"name":"wp","href":"https:\/\/api.w.org\/{rel}","templated":true}]}}