{"id":88763,"date":"2026-02-18T14:34:51","date_gmt":"2026-02-18T11:34:51","guid":{"rendered":"https:\/\/www.egemtv.com\/?p=88763"},"modified":"2026-02-18T14:34:51","modified_gmt":"2026-02-18T11:34:51","slug":"bodrum-sahili-savas-alanina-dondu-firtina-isletmeleri-yerle-bir-etti","status":"publish","type":"post","link":"https:\/\/www.egemtv.com\/?p=88763","title":{"rendered":"Bodrum sahili sava\u015f alan\u0131na d\u00f6nd\u00fc: &#8220;F\u0131rt\u0131na i\u015fletmeleri yerle bir etti&#8221;"},"content":{"rendered":"<p>Mu\u011fla\u2019n\u0131n Bodrum il\u00e7esinde gece saatlerinde etkisini art\u0131ran f\u0131rt\u0131na, yar\u0131madan\u0131n bat\u0131 ve kuzey kesimlerinde a\u011f\u0131r hasara yol a\u00e7t\u0131. Yal\u0131kavak Mahallesi\u2019nde yakla\u015f\u0131k 10 metre uzunlu\u011fundaki bir reklam panosu devrilirken, G\u00fcm\u00fc\u015fl\u00fck Mahallesi sahil hatt\u0131ndaki i\u015fletmeler dev dalgalar\u0131n ve \u015fiddetli r\u00fczgar\u0131n hedefi oldu.<\/p>\n<p>Sahil boyunca d\u00fckkan camlar\u0131 tuzla buz oldu, ah\u015fap platformlar par\u00e7aland\u0131. \u00c7at\u0131lardaki tenteler yerinden koparak savrulurken, masa ve sandalyeler yollara da\u011f\u0131ld\u0131. Yaz sezonunda turistlerin \u00f6n\u00fcnde foto\u011fraf \u00e7ektirdi\u011fi sembolik a\u011fa\u00e7 ise k\u00f6k\u00fcnden devrildi. Gece boyunca y\u00fckselen dalgalar k\u0131y\u0131 \u015feridini a\u015farak baz\u0131 i\u015fletmeleri su alt\u0131nda b\u0131rakt\u0131. \u0130\u015fletmelerin \u00f6n\u00fc kumla kaplan\u0131rken, sabah saatlerinde esnaf kendi imkanlar\u0131yla temizlik ve kum tahliye \u00e7al\u0131\u015fmas\u0131 ba\u015flatt\u0131. \u00c7ok say\u0131da i\u015fletmede ciddi maddi hasar meydana geldi.<\/p>\n<p>B\u00f6lgede restoran i\u015fletmecili\u011fi yapan Mehmet Efilo\u011flu, ya\u015fananlar\u0131 \u015fu s\u00f6zlerle aktard\u0131:<br \/>\n<br \/>&#8220;D\u00fcn ak\u015fam saatlerinden itibaren f\u0131rt\u0131na etkisini art\u0131rd\u0131. Dalgalar\u0131n boyu 5-6 metreyi buldu. Camlar\u0131m\u0131z par\u00e7aland\u0131, ciddi hasar\u0131m\u0131z var. Her yer sular alt\u0131nda kald\u0131. B\u00f6lgede 7-8 i\u015fletme birden zarar g\u00f6rd\u00fc. \u0130\u015fletmeler yan yana oldu\u011fu i\u00e7in f\u0131rt\u0131nadan hepsi ayn\u0131 anda etkilendi&#8221;<\/p>\n<p>F\u0131rt\u0131nan\u0131n ard\u0131ndan b\u00f6lgede hasar tespit \u00e7al\u0131\u015fmalar\u0131n\u0131n s\u00fcrd\u00fc\u011f\u00fc bildirildi.<br \/><\/p>\n","protected":false},"excerpt":{"rendered":"<p>Mu\u011fla\u2019n\u0131n Bodrum il\u00e7esinde gece saatlerinde etkisini art\u0131ran f\u0131rt\u0131na, yar\u0131madan\u0131n bat\u0131 ve kuzey kesimlerinde a\u011f\u0131r hasara yol a\u00e7t\u0131. Yal\u0131kavak Mahallesi\u2019nde yakla\u015f\u0131k 10 metre uzunlu\u011fundaki bir reklam panosu devrilirken, G\u00fcm\u00fc\u015fl\u00fck Mahallesi sahil hatt\u0131ndaki i\u015fletmeler dev dalgalar\u0131n ve \u015fiddetli r\u00fczgar\u0131n hedefi oldu. Sahil boyunca d\u00fckkan camlar\u0131 tuzla buz oldu, ah\u015fap platformlar par\u00e7aland\u0131. \u00c7at\u0131lardaki tenteler yerinden koparak savrulurken, masa&#8230;<\/p>\n","protected":false},"author":1,"featured_media":88764,"comment_status":"open","ping_status":"open","sticky":false,"template":"","format":"standard","meta":{"_crdt_document":"","footnotes":""},"categories":[1],"tags":[],"class_list":["post-88763","post","type-post","status-publish","format-standard","has-post-thumbnail","hentry","category-guncel"],"_links":{"self":[{"href":"https:\/\/www.egemtv.com\/index.php?rest_route=\/wp\/v2\/posts\/88763","targetHints":{"allow":["GET"]}}],"collection":[{"href":"https:\/\/www.egemtv.com\/index.php?rest_route=\/wp\/v2\/posts"}],"about":[{"href":"https:\/\/www.egemtv.com\/index.php?rest_route=\/wp\/v2\/types\/post"}],"author":[{"embeddable":true,"href":"https:\/\/www.egemtv.com\/index.php?rest_route=\/wp\/v2\/users\/1"}],"replies":[{"embeddable":true,"href":"https:\/\/www.egemtv.com\/index.php?rest_route=%2Fwp%2Fv2%2Fcomments&post=88763"}],"version-history":[{"count":1,"href":"https:\/\/www.egemtv.com\/index.php?rest_route=\/wp\/v2\/posts\/88763\/revisions"}],"predecessor-version":[{"id":88765,"href":"https:\/\/www.egemtv.com\/index.php?rest_route=\/wp\/v2\/posts\/88763\/revisions\/88765"}],"wp:featuredmedia":[{"embeddable":true,"href":"https:\/\/www.egemtv.com\/index.php?rest_route=\/wp\/v2\/media\/88764"}],"wp:attachment":[{"href":"https:\/\/www.egemtv.com\/index.php?rest_route=%2Fwp%2Fv2%2Fmedia&parent=88763"}],"wp:term":[{"taxonomy":"category","embeddable":true,"href":"https:\/\/www.egemtv.com\/index.php?rest_route=%2Fwp%2Fv2%2Fcategories&post=88763"},{"taxonomy":"post_tag","embeddable":true,"href":"https:\/\/www.egemtv.com\/index.php?rest_route=%2Fwp%2Fv2%2Ftags&post=88763"}],"curies":[{"name":"wp","href":"https:\/\/api.w.org\/{rel}","templated":true}]}}