{"id":88760,"date":"2026-02-18T14:14:44","date_gmt":"2026-02-18T11:14:44","guid":{"rendered":"https:\/\/www.egemtv.com\/?p=88760"},"modified":"2026-02-18T14:14:45","modified_gmt":"2026-02-18T11:14:45","slug":"kutahyada-dron-destekli-trafik-denetimi-kural-ihlali-yapan-suruculere-ceza","status":"publish","type":"post","link":"https:\/\/www.egemtv.com\/?p=88760","title":{"rendered":"K\u00fctahya\u2019da dron destekli trafik denetimi, kural ihlali yapan s\u00fcr\u00fcc\u00fclere ceza"},"content":{"rendered":"<p>K\u00fctahya \u0130l Emniyet M\u00fcd\u00fcrl\u00fc\u011f\u00fc ekipleri taraf\u0131ndan dron destekli ger\u00e7ekle\u015ftirilen trafik denetimlerinde kural ihlali yapan s\u00fcr\u00fcc\u00fcler cezaland\u0131r\u0131ld\u0131.<br \/>\n<br \/>Yap\u0131lan uygulamalarda; yayaya yol vermeme, kald\u0131r\u0131mda motorlu ara\u00e7 kullanma, yaya ge\u00e7idinde motorlu ara\u00e7 kullanma, ters y\u00f6ne girme ihlallerini ger\u00e7ekle\u015ftirdi\u011fi tespit edilen s\u00fcr\u00fcc\u00fclere, Karayollar\u0131 Trafik Kanunu kapsam\u0131nda gerekli idari yapt\u0131r\u0131mlar uyguland\u0131.<br \/>\n<br \/>K\u00fctahya \u0130l Emniyet M\u00fcd\u00fcrl\u00fc\u011f\u00fc yetkilileri, denetimlerin vatanda\u015flar\u0131n can ve mal g\u00fcvenli\u011fini sa\u011flamak amac\u0131yla aral\u0131ks\u0131z s\u00fcrd\u00fcr\u00fcld\u00fc\u011f\u00fcn\u00fc belirterek, s\u00fcr\u00fcc\u00fclere trafik kurallar\u0131na uymalar\u0131 konusunda \u00e7a\u011fr\u0131da bulundu.<br \/><\/p>\n","protected":false},"excerpt":{"rendered":"<p>K\u00fctahya \u0130l Emniyet M\u00fcd\u00fcrl\u00fc\u011f\u00fc ekipleri taraf\u0131ndan dron destekli ger\u00e7ekle\u015ftirilen trafik denetimlerinde kural ihlali yapan s\u00fcr\u00fcc\u00fcler cezaland\u0131r\u0131ld\u0131. Yap\u0131lan uygulamalarda; yayaya yol vermeme, kald\u0131r\u0131mda motorlu ara\u00e7 kullanma, yaya ge\u00e7idinde motorlu ara\u00e7 kullanma, ters y\u00f6ne girme ihlallerini ger\u00e7ekle\u015ftirdi\u011fi tespit edilen s\u00fcr\u00fcc\u00fclere, Karayollar\u0131 Trafik Kanunu kapsam\u0131nda gerekli idari yapt\u0131r\u0131mlar uyguland\u0131. K\u00fctahya \u0130l Emniyet M\u00fcd\u00fcrl\u00fc\u011f\u00fc yetkilileri, denetimlerin vatanda\u015flar\u0131n can ve&#8230;<\/p>\n","protected":false},"author":1,"featured_media":88761,"comment_status":"open","ping_status":"open","sticky":false,"template":"","format":"standard","meta":{"_crdt_document":"","footnotes":""},"categories":[5],"tags":[],"class_list":["post-88760","post","type-post","status-publish","format-standard","has-post-thumbnail","hentry","category-asayis"],"_links":{"self":[{"href":"https:\/\/www.egemtv.com\/index.php?rest_route=\/wp\/v2\/posts\/88760","targetHints":{"allow":["GET"]}}],"collection":[{"href":"https:\/\/www.egemtv.com\/index.php?rest_route=\/wp\/v2\/posts"}],"about":[{"href":"https:\/\/www.egemtv.com\/index.php?rest_route=\/wp\/v2\/types\/post"}],"author":[{"embeddable":true,"href":"https:\/\/www.egemtv.com\/index.php?rest_route=\/wp\/v2\/users\/1"}],"replies":[{"embeddable":true,"href":"https:\/\/www.egemtv.com\/index.php?rest_route=%2Fwp%2Fv2%2Fcomments&post=88760"}],"version-history":[{"count":1,"href":"https:\/\/www.egemtv.com\/index.php?rest_route=\/wp\/v2\/posts\/88760\/revisions"}],"predecessor-version":[{"id":88762,"href":"https:\/\/www.egemtv.com\/index.php?rest_route=\/wp\/v2\/posts\/88760\/revisions\/88762"}],"wp:featuredmedia":[{"embeddable":true,"href":"https:\/\/www.egemtv.com\/index.php?rest_route=\/wp\/v2\/media\/88761"}],"wp:attachment":[{"href":"https:\/\/www.egemtv.com\/index.php?rest_route=%2Fwp%2Fv2%2Fmedia&parent=88760"}],"wp:term":[{"taxonomy":"category","embeddable":true,"href":"https:\/\/www.egemtv.com\/index.php?rest_route=%2Fwp%2Fv2%2Fcategories&post=88760"},{"taxonomy":"post_tag","embeddable":true,"href":"https:\/\/www.egemtv.com\/index.php?rest_route=%2Fwp%2Fv2%2Ftags&post=88760"}],"curies":[{"name":"wp","href":"https:\/\/api.w.org\/{rel}","templated":true}]}}