{"id":88757,"date":"2026-02-18T14:14:43","date_gmt":"2026-02-18T11:14:43","guid":{"rendered":"https:\/\/www.egemtv.com\/?p=88757"},"modified":"2026-02-18T14:14:44","modified_gmt":"2026-02-18T11:14:44","slug":"manisa-buyuksehir-belediyesi-160-bin-kisilik-iftar-sofrasi-kuracak","status":"publish","type":"post","link":"https:\/\/www.egemtv.com\/?p=88757","title":{"rendered":"Manisa B\u00fcy\u00fck\u015fehir Belediyesi 160 bin ki\u015filik iftar sofras\u0131 kuracak"},"content":{"rendered":"<p>Manisa B\u00fcy\u00fck\u015fehir Belediyesi, Ramazan ay\u0131n\u0131n payla\u015fma ve dayan\u0131\u015fma ruhunu kentin d\u00f6rt bir yan\u0131na yaymak i\u00e7in geni\u015f bir program haz\u0131rlad\u0131. \u0130l genelinde kurulacak iftar sofralar\u0131yla on binlerce vatanda\u015f\u0131 bulu\u015fturmay\u0131 hedefleyen B\u00fcy\u00fck\u015fehir, ay boyunca s\u00fcrecek k\u00fclt\u00fcrel etkinliklerle Manisal\u0131lara hem manevi hem de sosyal a\u00e7\u0131dan dolu dolu bir Ramazan ya\u015fatacak.<br \/>\n<br \/>11 ay\u0131n sultan\u0131 Ramazan\u2019\u0131n bereketini t\u00fcm \u015fehre yaymak i\u00e7in haz\u0131rl\u0131klar\u0131n\u0131 tamamlayan Manisa B\u00fcy\u00fck\u015fehir Belediyesi, 29 g\u00fcn boyunca her ak\u015fam Cumhuriyet Meydan\u0131\u2019nda, 16 g\u00fcn boyunca ise eski garaj alan\u0131nda iftar sofralar\u0131 kuracak. Ayr\u0131ca B\u00fcy\u00fck\u015fehir\u2019in bereket sofralar\u0131, 17 il\u00e7enin tamam\u0131nda belirlenen g\u00fcn ve noktalarda Manisal\u0131lar\u0131 bir araya getirecek. Toplamda 160 binin \u00fczerinde vatanda\u015f\u0131n ayn\u0131 ekme\u011fi b\u00f6l\u00fc\u015fmesini hedefleyen B\u00fcy\u00fck\u015fehir, payla\u015fma ve dayan\u0131\u015fma ruhunu kentin d\u00f6rt bir yan\u0131nda ya\u015fatacak.<\/p>\n<p>Ramazan ak\u015famlar\u0131 gelenekle renklenecek<br \/>\n<br \/>Geleneksel Ramazan ruhu, sadece sofralarda de\u011fil Cumhuriyet Meydan\u0131\u2019ndaki etkinliklerle de ya\u015fat\u0131lacak. Her ak\u015fam d\u00fczenlenecek programlarda; Hacivat ve Karag\u00f6z, Orta Oyunu, Ate\u015fbaz, Sihirbazl\u0131k G\u00f6sterileri, Kanto \u015eov ve A\u015fuk ile Ma\u015fuk gibi geleneksel g\u00f6steriler sahne alacak. Ramazan konserleriyle manevi atmosfer g\u00fc\u00e7lendirilirken, her ya\u015ftan vatanda\u015f i\u00e7in k\u00fclt\u00fcrel bir \u015f\u00f6len sunulacak.<\/p>\n<p>&#8220;Kimsenin kendini yaln\u0131z hissetmedi\u011fi bir Manisa i\u00e7in \u00e7al\u0131\u015f\u0131yoruz&#8221;<br \/>\n<br \/>Konuyla ilgili a\u00e7\u0131klama yapan Manisa B\u00fcy\u00fck\u015fehir Belediye Ba\u015fkan\u0131 Besim Dutlulu, Ramazan ay\u0131n\u0131n birle\u015ftirici g\u00fcc\u00fcne vurgu yaparak \u015funlar\u0131 s\u00f6yledi: &#8220;Ramazan, sadece a\u00e7 kalmak de\u011fil; b\u00f6l\u00fc\u015fmek, hat\u0131rlamak ve bir arada olmakt\u0131r. Manisa B\u00fcy\u00fck\u015fehir Belediyesi olarak bu y\u0131l \u015fehrimizin her k\u00f6\u015fesinde kuraca\u011f\u0131m\u0131z sofralarla sadece yemek de\u011fil, sevgi ve karde\u015fli\u011fi payla\u015f\u0131yoruz. 17 il\u00e7emizin tamam\u0131nda hem\u015fehrilerimizle omuz omuza iftar a\u00e7acak olman\u0131n heyecan\u0131n\u0131 ya\u015f\u0131yoruz. Kimsenin kendini yaln\u0131z hissetmedi\u011fi, dayan\u0131\u015fman\u0131n en \u00fcst seviyeye \u00e7\u0131kt\u0131\u011f\u0131 bir Manisa i\u00e7in \u00e7al\u0131\u015f\u0131yoruz. T\u00fcm hem\u015fehrilerime hay\u0131rl\u0131, huzurlu ve bereket dolu bir Ramazan diliyorum.&#8221;<br \/><\/p>\n","protected":false},"excerpt":{"rendered":"<p>Manisa B\u00fcy\u00fck\u015fehir Belediyesi, Ramazan ay\u0131n\u0131n payla\u015fma ve dayan\u0131\u015fma ruhunu kentin d\u00f6rt bir yan\u0131na yaymak i\u00e7in geni\u015f bir program haz\u0131rlad\u0131. \u0130l genelinde kurulacak iftar sofralar\u0131yla on binlerce vatanda\u015f\u0131 bulu\u015fturmay\u0131 hedefleyen B\u00fcy\u00fck\u015fehir, ay boyunca s\u00fcrecek k\u00fclt\u00fcrel etkinliklerle Manisal\u0131lara hem manevi hem de sosyal a\u00e7\u0131dan dolu dolu bir Ramazan ya\u015fatacak. 11 ay\u0131n sultan\u0131 Ramazan\u2019\u0131n bereketini t\u00fcm \u015fehre yaymak&#8230;<\/p>\n","protected":false},"author":1,"featured_media":88758,"comment_status":"open","ping_status":"open","sticky":false,"template":"","format":"standard","meta":{"_crdt_document":"","footnotes":""},"categories":[1],"tags":[],"class_list":["post-88757","post","type-post","status-publish","format-standard","has-post-thumbnail","hentry","category-guncel"],"_links":{"self":[{"href":"https:\/\/www.egemtv.com\/index.php?rest_route=\/wp\/v2\/posts\/88757","targetHints":{"allow":["GET"]}}],"collection":[{"href":"https:\/\/www.egemtv.com\/index.php?rest_route=\/wp\/v2\/posts"}],"about":[{"href":"https:\/\/www.egemtv.com\/index.php?rest_route=\/wp\/v2\/types\/post"}],"author":[{"embeddable":true,"href":"https:\/\/www.egemtv.com\/index.php?rest_route=\/wp\/v2\/users\/1"}],"replies":[{"embeddable":true,"href":"https:\/\/www.egemtv.com\/index.php?rest_route=%2Fwp%2Fv2%2Fcomments&post=88757"}],"version-history":[{"count":1,"href":"https:\/\/www.egemtv.com\/index.php?rest_route=\/wp\/v2\/posts\/88757\/revisions"}],"predecessor-version":[{"id":88759,"href":"https:\/\/www.egemtv.com\/index.php?rest_route=\/wp\/v2\/posts\/88757\/revisions\/88759"}],"wp:featuredmedia":[{"embeddable":true,"href":"https:\/\/www.egemtv.com\/index.php?rest_route=\/wp\/v2\/media\/88758"}],"wp:attachment":[{"href":"https:\/\/www.egemtv.com\/index.php?rest_route=%2Fwp%2Fv2%2Fmedia&parent=88757"}],"wp:term":[{"taxonomy":"category","embeddable":true,"href":"https:\/\/www.egemtv.com\/index.php?rest_route=%2Fwp%2Fv2%2Fcategories&post=88757"},{"taxonomy":"post_tag","embeddable":true,"href":"https:\/\/www.egemtv.com\/index.php?rest_route=%2Fwp%2Fv2%2Ftags&post=88757"}],"curies":[{"name":"wp","href":"https:\/\/api.w.org\/{rel}","templated":true}]}}