{"id":88754,"date":"2026-02-18T14:14:42","date_gmt":"2026-02-18T11:14:42","guid":{"rendered":"https:\/\/www.egemtv.com\/?p=88754"},"modified":"2026-02-18T14:14:43","modified_gmt":"2026-02-18T11:14:43","slug":"denizli-anahtar-parti-uyeleri-duzenlenen-torende-bir-araya-geldi","status":"publish","type":"post","link":"https:\/\/www.egemtv.com\/?p=88754","title":{"rendered":"Denizli Anahtar Parti \u00fcyeleri d\u00fczenlenen t\u00f6rende bir araya geldi"},"content":{"rendered":"<p>Anahtar Parti Denizli te\u015fkilat\u0131, Hakan Saruhan\u2019\u0131n il ba\u015fkanl\u0131\u011f\u0131na gelmesinin ard\u0131ndan ge\u00e7en \u00fc\u00e7 ayl\u0131k s\u00fcre i\u00e7inde ilk b\u00fcy\u00fck organizasyonunu ger\u00e7ekle\u015ftirdi. Te\u015fkilat bulu\u015fmas\u0131nda salonda co\u015fku hakimdi. Zeybek g\u00f6sterileri ve \u00e7ocuklar\u0131n sahneye \u00e7\u0131kt\u0131\u011f\u0131 programda renkli g\u00f6r\u00fcnt\u00fcler olu\u015ftu.<br \/>\n<br \/>Anahtar Partililer, ge\u00e7ti\u011fimiz hafta sonu Merkezefendi K\u00fclt\u00fcr Merkezi\u2019nde yap\u0131lan te\u015fkilat bulu\u015fmas\u0131nda bir araya geldi. Yakla\u015f\u0131k 1500 partili ve vatanda\u015f\u0131n kat\u0131ld\u0131\u011f\u0131 programa, Te\u015fkilat Ba\u015fkan\u0131 ve Genel Ba\u015fkan Yard\u0131mc\u0131s\u0131 Tahir Keskink\u0131l\u0131\u00e7, Te\u015fkilat Ba\u015fkan Yard\u0131mc\u0131s\u0131 2. B\u00f6lge Ba\u015fkan\u0131 Murat Tekin \u0130l Ba\u015fkan\u0131 Hakan Saruhan, il\u00e7e ba\u015fkanlar\u0131, gen\u00e7lik ve kad\u0131n kollar\u0131 ba\u015fkanlar\u0131 ve y\u00f6netimleri de kat\u0131ld\u0131. Anahtar Parti Denizli te\u015fkilat\u0131n\u0131n tam kadro haz\u0131r bulundu\u011fu programa \u00e7evre illerden il ba\u015fkanlar\u0131 da salonda yerlerini ald\u0131. \u00c7ocuklar\u0131n ellerinde T\u00fcrk Bayraklar\u0131 ile sahnede yer ald\u0131\u011f\u0131 programda co\u015fkulu anlar ya\u015fand\u0131. Hakan Saruhan\u2019\u0131n il ba\u015fkan\u0131 olarak atanmas\u0131n\u0131n ard\u0131ndan ilk kez ger\u00e7ekle\u015fen program, kat\u0131l\u0131mc\u0131lar ve partililerden tam not ald\u0131. G\u00fcn\u00fcn anlam ve \u00f6nemine binaen \u00e7e\u015fitli hediyelerin de yer ald\u0131\u011f\u0131 program\u0131n a\u00e7\u0131l\u0131\u015f konu\u015fmas\u0131n\u0131 Anahtar Parti Denizli \u0130l Ba\u015fkan\u0131 Hakan Saruhan yapt\u0131.<\/p>\n<p>Saruhan eme\u011fi ge\u00e7enlere te\u015fekk\u00fcr etti<br \/>\n<br \/>Organizasyonda eme\u011fi ge\u00e7en herkese te\u015fekk\u00fcr ederek s\u00f6zlerine ba\u015flayan Saruhan, partiyi Denizli\u2019de daha yukar\u0131ya ta\u015f\u0131mak i\u00e7in te\u015fkilat mensuplar\u0131 ile ellerinden geleni yapacaklar\u0131na s\u00f6z verdi. Saruhan, &#8220;G\u00f6reve gelmemizden k\u0131sa bir s\u00fcre i\u00e7inde bu kadar b\u00fcy\u00fck bir organizasyonun hayata ge\u00e7mesi hem partimize duyulan g\u00fcven, hem de bizlere bir \u00f6zlem oldu\u011funu bir kez daha g\u00f6steriyor. Genel ba\u015fkan\u0131m\u0131z\u0131n liderli\u011finde \u00fclke y\u00f6netiminde gelecek ku\u015faklara daha m\u00fcreffeh bir T\u00fcrkiye b\u0131rakma ad\u0131na \u00e7al\u0131\u015fmaya devam edece\u011fiz. Bizleri yaln\u0131z b\u0131rakmayan Te\u015fkilat Ba\u015fkan\u0131 ve Genel Ba\u015fkan Yard\u0131mc\u0131s\u0131 Tahir Keskink\u0131l\u0131\u00e7 ile Te\u015fkilat Ba\u015fkan Yard\u0131mc\u0131s\u0131 2. B\u00f6lge Ba\u015fkan\u0131 Murat Tekin\u2019e ve herkese te\u015fkilat\u0131m ve \u015fahs\u0131m ad\u0131na te\u015fekk\u00fcr ediyorum&#8221; dedi.<\/p>\n<p>Denizli\u2019ye te\u015fekk\u00fcr etti<br \/>\n<br \/>Hakan Saruhan\u2019\u0131n g\u00f6reve geldi\u011fi g\u00fcnden  bu yana ge\u00e7en s\u00fcre\u00e7lerin ve Denizli te\u015fkilat\u0131n\u0131n yapt\u0131\u011f\u0131 faaliyetlerin g\u00f6sterildi\u011fi sinevizyon g\u00f6sterisinin ard\u0131ndan sahneye gelen Te\u015fkilat Ba\u015fkan\u0131 ve Genel Ba\u015fkan Yard\u0131mc\u0131s\u0131 Tahir Keskink\u0131l\u0131\u00e7, &#8220;Anahtar Parti olarak, millet olarak \u00e7ocuklar\u0131n y\u00fcz\u00fcndeki g\u00fcl\u00fcc\u00fcklerin eksik olmad\u0131\u011f\u0131 bir denklem, bir memleket kurmak olmal\u0131. \u0130n\u015fallah bu yolculukta da sizlerle beraberi. Bu gibi toplant\u0131lar hakikaten \u00e7ok k\u0131ymetli. \u00d6zellikle pazar\u0131n erken saatinde bu kadar kalabal\u0131\u011f\u0131 toplamak herkesin mahareti de\u011fil. Hakan Ba\u015fkan\u2019a te\u015fekk\u00fcr ediyorum. Emekleriniz i\u00e7in, varl\u0131\u011f\u0131n\u0131z i\u00e7in, katk\u0131lar\u0131n\u0131z i\u00e7in te\u015fekk\u00fcr ediyorum&#8221; ifadelerini kulland\u0131<\/p>\n<p>Anahtar partinin kurulu\u015f nedenini anlatt\u0131<br \/>\n<br \/>&#8220;Anahtar Parti, memleketin her alanda ihtiyac\u0131 oldu\u011fu bir alanda; hukuktan sanayiye, e\u011fitimden sa\u011fl\u0131\u011fa kadar her alanda s\u0131k\u0131\u015f\u0131k oldu\u011fu bir d\u00f6nemde, bu ihtiya\u00e7 \u00fczerine kurulmu\u015f bir partidir&#8221; diyen Keskink\u0131l\u0131\u00e7, &#8220;Anahtar Parti biliyorsunuz, memleketin her alan\u0131nda bu zamanlarda s\u0131k\u0131\u015f\u0131k bir denklem \u00fczerinde ya\u015f\u0131yoruz. Hukuktan e\u011fitime, sa\u011fl\u0131ktan&#8230; Tabii bunun maj\u00f6r sebebi, liyakatle devlet aras\u0131ndaki ba\u011f\u0131n kopmu\u015f olmas\u0131d\u0131r. Fark\u0131ndas\u0131n\u0131z, dolay\u0131s\u0131yla 22 y\u0131ll\u0131k iktidar sonucunda bizim buldu\u011fumuz miras; liyakatle de\u011fil, sadakatle, biatle bir devlet y\u00f6netimi miras\u0131d\u0131r. Anahtar Parti tam da burada, Say\u0131n Genel Ba\u015fkan\u0131m\u0131z\u0131n 30 y\u0131ll\u0131k siyasi miras\u0131 \u00fczerine liyakatle devleti bulu\u015fturma yolculu\u011funun ad\u0131 ve tarifi olaraktan kurulmu\u015ftur. \u0130\u015fte sizler de bizimle beraber bu tarifin, bu yolculu\u011fun kutlu neferlerisiniz&#8221; \u015feklinde konu\u015ftu.<\/p>\n<p>&#8220;Boyun e\u011fmeyece\u011fiz&#8221;<br \/>\n<br \/>Ekonomiye at\u0131f yapan Keskink\u0131l\u0131\u00e7, &#8220;\u00c7ift\u00e7inin bereketinde, esnaf\u0131n siftah\u0131nda, bir ailenin sofras\u0131nda, bir baban\u0131n \u00e7ocu\u011funa b\u0131rakt\u0131\u011f\u0131 har\u00e7l\u0131kta ekonomi ya\u015fan\u0131yor. O y\u00fczden ekonominin ne halde oldu\u011funu hepiniz ya\u015fayarak; sokakta, \u00e7ar\u015f\u0131da, pazarda g\u00f6r\u00fcyorsunuz. Son d\u00f6neme\u00e7teyiz. \u015eu an g\u00f6rd\u00fc\u011f\u00fcn\u00fcz oyunlar, kurgulanan tiyatro fark\u0131ndaysan\u0131z bir veliaht d\u00fczeninin, bir hanedanl\u0131k d\u00fczeninin kurulmas\u0131 noktas\u0131na do\u011fru bizi i\u00e7ine \u00e7ekiyor. Biz buna izin vermeyece\u011fiz. Neden izin vermeyece\u011fiz? Biz \u00e7\u00fcnk\u00fc demokratik bir Cumhuriyetle y\u00f6netilmeye al\u0131\u015fm\u0131\u015f, bunun kutsall\u0131\u011f\u0131 i\u00e7erisinde ya\u015famaya al\u0131\u015fm\u0131\u015f bir milletiz. Boyun e\u011fmeyece\u011fiz. Ancak siyasetimizi; nobran, ayr\u0131\u015ft\u0131ran, \u00f6tekile\u015ftiren bir dille de yapmayaca\u011f\u0131z. Say\u0131n Genel Ba\u015fkan\u0131m\u0131z\u0131n belki de siyaset arenas\u0131na kazand\u0131rd\u0131\u011f\u0131 en b\u00fcy\u00fck \u015feylerden bir tanesi, nezaket dilinin siyasete kazand\u0131r\u0131lmas\u0131 olsa gerek. En derin, en kalbi muhalefet eden d\u00fc\u015fmanlar\u0131m\u0131z diye adland\u0131raca\u011f\u0131m\u0131z muhalefetin dahi kendi adaletimizden, bizden, nezaketimizden, merhametimizden, vicdan\u0131m\u0131zdan emin oldu\u011fu bir ili\u015fki hatt\u0131nda durmak zorunday\u0131z. Halk\u0131m\u0131z\u0131, toplumu, milletimizi b\u00f6yle kucaklayaca\u011f\u0131z. Te\u015fekk\u00fcr ediyorum Denizli iyi ki vars\u0131n\u0131z&#8221; dedi.<br \/><\/p>\n","protected":false},"excerpt":{"rendered":"<p>Anahtar Parti Denizli te\u015fkilat\u0131, Hakan Saruhan\u2019\u0131n il ba\u015fkanl\u0131\u011f\u0131na gelmesinin ard\u0131ndan ge\u00e7en \u00fc\u00e7 ayl\u0131k s\u00fcre i\u00e7inde ilk b\u00fcy\u00fck organizasyonunu ger\u00e7ekle\u015ftirdi. Te\u015fkilat bulu\u015fmas\u0131nda salonda co\u015fku hakimdi. Zeybek g\u00f6sterileri ve \u00e7ocuklar\u0131n sahneye \u00e7\u0131kt\u0131\u011f\u0131 programda renkli g\u00f6r\u00fcnt\u00fcler olu\u015ftu. Anahtar Partililer, ge\u00e7ti\u011fimiz hafta sonu Merkezefendi K\u00fclt\u00fcr Merkezi\u2019nde yap\u0131lan te\u015fkilat bulu\u015fmas\u0131nda bir araya geldi. Yakla\u015f\u0131k 1500 partili ve vatanda\u015f\u0131n kat\u0131ld\u0131\u011f\u0131 programa,&#8230;<\/p>\n","protected":false},"author":1,"featured_media":88755,"comment_status":"open","ping_status":"open","sticky":false,"template":"","format":"standard","meta":{"_crdt_document":"","footnotes":""},"categories":[127],"tags":[],"class_list":["post-88754","post","type-post","status-publish","format-standard","has-post-thumbnail","hentry","category-siyaset"],"_links":{"self":[{"href":"https:\/\/www.egemtv.com\/index.php?rest_route=\/wp\/v2\/posts\/88754","targetHints":{"allow":["GET"]}}],"collection":[{"href":"https:\/\/www.egemtv.com\/index.php?rest_route=\/wp\/v2\/posts"}],"about":[{"href":"https:\/\/www.egemtv.com\/index.php?rest_route=\/wp\/v2\/types\/post"}],"author":[{"embeddable":true,"href":"https:\/\/www.egemtv.com\/index.php?rest_route=\/wp\/v2\/users\/1"}],"replies":[{"embeddable":true,"href":"https:\/\/www.egemtv.com\/index.php?rest_route=%2Fwp%2Fv2%2Fcomments&post=88754"}],"version-history":[{"count":1,"href":"https:\/\/www.egemtv.com\/index.php?rest_route=\/wp\/v2\/posts\/88754\/revisions"}],"predecessor-version":[{"id":88756,"href":"https:\/\/www.egemtv.com\/index.php?rest_route=\/wp\/v2\/posts\/88754\/revisions\/88756"}],"wp:featuredmedia":[{"embeddable":true,"href":"https:\/\/www.egemtv.com\/index.php?rest_route=\/wp\/v2\/media\/88755"}],"wp:attachment":[{"href":"https:\/\/www.egemtv.com\/index.php?rest_route=%2Fwp%2Fv2%2Fmedia&parent=88754"}],"wp:term":[{"taxonomy":"category","embeddable":true,"href":"https:\/\/www.egemtv.com\/index.php?rest_route=%2Fwp%2Fv2%2Fcategories&post=88754"},{"taxonomy":"post_tag","embeddable":true,"href":"https:\/\/www.egemtv.com\/index.php?rest_route=%2Fwp%2Fv2%2Ftags&post=88754"}],"curies":[{"name":"wp","href":"https:\/\/api.w.org\/{rel}","templated":true}]}}