{"id":88751,"date":"2026-02-18T13:54:49","date_gmt":"2026-02-18T10:54:49","guid":{"rendered":"https:\/\/www.egemtv.com\/?p=88751"},"modified":"2026-02-18T13:54:50","modified_gmt":"2026-02-18T10:54:50","slug":"baskan-yetiskin-dayanisma-birlik-ve-beraberligi-yasatacagiz","status":"publish","type":"post","link":"https:\/\/www.egemtv.com\/?p=88751","title":{"rendered":"Ba\u015fkan Yeti\u015fkin: &#8220;Dayan\u0131\u015fma, birlik ve beraberli\u011fi ya\u015fataca\u011f\u0131z&#8221;"},"content":{"rendered":"<p>On bir ay\u0131n sultan\u0131 Ramazan ay\u0131n\u0131n \u2018dayan\u0131\u015fma ay\u0131\u2019 oldu\u011funa dikkat \u00e7eken Efeler Belediye Ba\u015fkan\u0131 An\u0131l Yeti\u015fkin; &#8220;Dayan\u0131\u015fma, birlik ve beraberli\u011fi ya\u015fataca\u011f\u0131z&#8221; dedi.<\/p>\n<p>Efeler Belediye Ba\u015fkan\u0131 An\u0131l Yeti\u015fkin, Ramazan ay\u0131 dolay\u0131s\u0131yla bir mesaj yay\u0131nlad\u0131. Ramazan\u2019\u0131n dayan\u0131\u015fma ay\u0131 oldu\u011funu vurgulayan Ba\u015fkan Yeti\u015fkin, &#8220;Ramazan\u2019a bir kez daha kavu\u015fman\u0131n huzurunu ve mutlulu\u011funu ya\u015f\u0131yoruz. Bu ay, yaln\u0131zca oru\u00e7 tutulan g\u00fcnlerden ibaret de\u011fil, ayn\u0131 zamanda birlik ve beraberli\u011fimizi g\u00fc\u00e7lendirdi\u011fimiz, payla\u015fman\u0131n ve dayan\u0131\u015fman\u0131n de\u011ferini yeniden hat\u0131rlad\u0131\u011f\u0131m\u0131z \u00f6zel bir zaman dilimidir&#8221; dedi.<\/p>\n<p>Efeler Belediyesi\u2019nin kentte dayan\u0131\u015fmay\u0131 b\u00fcy\u00fctmek i\u00e7in \u00e7ok say\u0131da projeyi hayata ge\u00e7irdi\u011fini ifade eden Ba\u015fkan Yeti\u015fkin; &#8220;Sosyal belediyecili\u011fi s\u00f6zde de\u011fil \u00f6zde ya\u015fat\u0131yoruz. Karde\u015f Eli projemizle ihtiya\u00e7 sahibi ailelerimize g\u0131da ve k\u0131yafet deste\u011fi sa\u011fl\u0131yor, market al\u0131\u015fveri\u015f kartlar\u0131m\u0131zla vatanda\u015flar\u0131m\u0131z\u0131n temel ihtiya\u00e7lar\u0131n\u0131 kar\u015f\u0131lamalar\u0131na katk\u0131da bulunuyoruz. Amac\u0131m\u0131z, hi\u00e7bir evde eksik bir sofra, hi\u00e7bir \u00e7ocukta mahcup bir bak\u0131\u015f kalmamas\u0131d\u0131r. Evde bak\u0131m hizmetlerimizle, ya\u015fl\u0131, yata\u011fa ba\u011f\u0131ml\u0131, kronik rahats\u0131zl\u0131\u011f\u0131 bulunan ya da g\u00fcnl\u00fck ya\u015fam\u0131nda deste\u011fe ihtiya\u00e7 duyan hem\u015fehrilerimizin yan\u0131nda olmaya devam ediyoruz. Alan\u0131nda uzman ve g\u00fcler y\u00fczl\u00fc ekiplerimiz, hem \u015fehir merkezinde hem de k\u0131rsal mahallelerimizde titizlikle \u00e7al\u0131\u015farak vatanda\u015flar\u0131m\u0131z\u0131n hayat\u0131na dokunuyoruz&#8221; diye konu\u015ftu.<\/p>\n<p>Efeler Belediyesi\u2019nin Ramazan\u2019da farkl\u0131 mahallelerde kuraca\u011f\u0131 iftar sofralar\u0131na da de\u011finen Ba\u015fkan Yeti\u015fkin, &#8220;Ramazan boyunca il\u00e7emizin farkl\u0131 mahallelerinde kuraca\u011f\u0131m\u0131z iftar sofralar\u0131nda bir araya gelecek, ayn\u0131 ekme\u011fi b\u00f6l\u00fc\u015fmenin, ayn\u0131 sofrada bulu\u015fman\u0131n bereketini birlikte ya\u015fayaca\u011f\u0131z. O sofralarda sadece yemek de\u011fil; dostluk, karde\u015flik ve umut da payla\u015f\u0131lacak. Biz Efeler\u2019de dayan\u0131\u015fmay\u0131 b\u00fcy\u00fctt\u00fck\u00e7e g\u00fc\u00e7lenece\u011fimize inan\u0131yoruz. Kimsenin kendini yaln\u0131z hissetmedi\u011fi, herkesin birbirine omuz verdi\u011fi bir kent i\u00e7in var g\u00fcc\u00fcm\u00fczle \u00e7al\u0131\u015fmaya devam edece\u011fiz. Bu duygu ve d\u00fc\u015f\u00fcncelerle t\u00fcm hem\u015fehrilerime sa\u011fl\u0131k, bar\u0131\u015f ve mutluluk diliyor, Ramazan ay\u0131n\u0131n il\u00e7emize, \u00fclkemize ve t\u00fcm insanl\u0131\u011fa huzur getirmesini temenni ediyorum&#8221; dedi.<br \/><\/p>\n","protected":false},"excerpt":{"rendered":"<p>On bir ay\u0131n sultan\u0131 Ramazan ay\u0131n\u0131n \u2018dayan\u0131\u015fma ay\u0131\u2019 oldu\u011funa dikkat \u00e7eken Efeler Belediye Ba\u015fkan\u0131 An\u0131l Yeti\u015fkin; &#8220;Dayan\u0131\u015fma, birlik ve beraberli\u011fi ya\u015fataca\u011f\u0131z&#8221; dedi. Efeler Belediye Ba\u015fkan\u0131 An\u0131l Yeti\u015fkin, Ramazan ay\u0131 dolay\u0131s\u0131yla bir mesaj yay\u0131nlad\u0131. Ramazan\u2019\u0131n dayan\u0131\u015fma ay\u0131 oldu\u011funu vurgulayan Ba\u015fkan Yeti\u015fkin, &#8220;Ramazan\u2019a bir kez daha kavu\u015fman\u0131n huzurunu ve mutlulu\u011funu ya\u015f\u0131yoruz. Bu ay, yaln\u0131zca oru\u00e7 tutulan g\u00fcnlerden&#8230;<\/p>\n","protected":false},"author":1,"featured_media":88752,"comment_status":"open","ping_status":"open","sticky":false,"template":"","format":"standard","meta":{"_crdt_document":"","footnotes":""},"categories":[1],"tags":[],"class_list":["post-88751","post","type-post","status-publish","format-standard","has-post-thumbnail","hentry","category-guncel"],"_links":{"self":[{"href":"https:\/\/www.egemtv.com\/index.php?rest_route=\/wp\/v2\/posts\/88751","targetHints":{"allow":["GET"]}}],"collection":[{"href":"https:\/\/www.egemtv.com\/index.php?rest_route=\/wp\/v2\/posts"}],"about":[{"href":"https:\/\/www.egemtv.com\/index.php?rest_route=\/wp\/v2\/types\/post"}],"author":[{"embeddable":true,"href":"https:\/\/www.egemtv.com\/index.php?rest_route=\/wp\/v2\/users\/1"}],"replies":[{"embeddable":true,"href":"https:\/\/www.egemtv.com\/index.php?rest_route=%2Fwp%2Fv2%2Fcomments&post=88751"}],"version-history":[{"count":1,"href":"https:\/\/www.egemtv.com\/index.php?rest_route=\/wp\/v2\/posts\/88751\/revisions"}],"predecessor-version":[{"id":88753,"href":"https:\/\/www.egemtv.com\/index.php?rest_route=\/wp\/v2\/posts\/88751\/revisions\/88753"}],"wp:featuredmedia":[{"embeddable":true,"href":"https:\/\/www.egemtv.com\/index.php?rest_route=\/wp\/v2\/media\/88752"}],"wp:attachment":[{"href":"https:\/\/www.egemtv.com\/index.php?rest_route=%2Fwp%2Fv2%2Fmedia&parent=88751"}],"wp:term":[{"taxonomy":"category","embeddable":true,"href":"https:\/\/www.egemtv.com\/index.php?rest_route=%2Fwp%2Fv2%2Fcategories&post=88751"},{"taxonomy":"post_tag","embeddable":true,"href":"https:\/\/www.egemtv.com\/index.php?rest_route=%2Fwp%2Fv2%2Ftags&post=88751"}],"curies":[{"name":"wp","href":"https:\/\/api.w.org\/{rel}","templated":true}]}}