{"id":88748,"date":"2026-02-18T13:54:48","date_gmt":"2026-02-18T10:54:48","guid":{"rendered":"https:\/\/www.egemtv.com\/?p=88748"},"modified":"2026-02-18T13:54:49","modified_gmt":"2026-02-18T10:54:49","slug":"glutensiz-gida-paketi-desteginde-muracaatlar-basladi","status":"publish","type":"post","link":"https:\/\/www.egemtv.com\/?p=88748","title":{"rendered":"Gl\u00fctensiz g\u0131da paketi deste\u011finde m\u00fcracaatlar ba\u015flad\u0131"},"content":{"rendered":"<p>Denizli B\u00fcy\u00fck\u015fehir Belediyesi\u2019nin \u00e7\u00f6lyak hastalar\u0131n\u0131n sa\u011fl\u0131kl\u0131 ve g\u00fcvenilir g\u0131daya eri\u015fimi i\u00e7in verece\u011fi gl\u00fctensiz g\u0131da paketi deste\u011fi m\u00fcracaatlar\u0131 ba\u015flad\u0131. Ba\u015fvurular, 28 \u015eubat 2026 Cumartesi g\u00fcn\u00fcne kadar s\u00fcrecek.<br \/>\n<br \/>Denizli B\u00fcy\u00fck\u015fehir Belediyesi, y\u00fcksek maliyetli gl\u00fctensiz g\u0131dalarla beslenmek zorunda olan ihtiya\u00e7 sahibi \u00e7\u00f6lyak hastalar\u0131n\u0131 bu y\u0131l da yaln\u0131z b\u0131rakm\u0131yor. Dar gelirli ailelerin gl\u00fctensiz \u00fcr\u00fcnlere ula\u015fmas\u0131n\u0131 kolayla\u015ft\u0131rmay\u0131 hedefleyen Denizli B\u00fcy\u00fck\u015fehir Belediyesi Sosyal Hizmetler Dairesi Ba\u015fkanl\u0131\u011f\u0131 bu kapsamda gl\u00fctensiz g\u0131da paketi deste\u011fi projesini hayata ge\u00e7irdi. \u00d6m\u00fcr boyu diyet zorunlulu\u011fu olan \u00e7\u00f6lyak hastalar\u0131n\u0131n, y\u00fcksek maliyetli g\u0131dalara eri\u015fimini kolayla\u015ft\u0131rmak amac\u0131yla ba\u015flat\u0131lan gl\u00fctensiz g\u0131da paketi deste\u011fine www.denizli.bel.tr adresindeki &#8220;Ba\u015fvurular&#8221; sekmesi ile https:\/\/apps.denizli.bel.tr\/glutensizgidayardimibasvuru\/ adresinden online olarak ba\u015fvuru yap\u0131l\u0131yor. Ba\u015fvurular, 28 \u015eubat 2026 Cumartesi g\u00fcn\u00fcne kadar s\u00fcrecek.<br \/>\n<br \/>\u015eartlar\u0131 ta\u015f\u0131yan herkes desteklerden faydalanabilir<br \/>\n<br \/>Denizli B\u00fcy\u00fck\u015fehir Belediye Ba\u015fkan\u0131 B\u00fclent Nuri \u00c7avu\u015fo\u011flu, &#8220;Bir elin verdi\u011fini di\u011fer el g\u00f6rmeyecek&#8221; diyerek bu yolculu\u011fa \u00e7\u0131kt\u0131klar\u0131n\u0131 hat\u0131rlatt\u0131. Ba\u015fkan \u00c7avu\u015fo\u011flu, &#8220;Sosyal desteklerimize ba\u015fvurman\u0131n \u015fartlar\u0131 var. Denizli\u2019de ya\u015fay\u0131p da bu \u015fartlar\u0131 kim ta\u015f\u0131yorsa bu desteklerden faydalanabilir&#8221; dedi. Payla\u015fmay\u0131 ve dayan\u0131\u015fmay\u0131 hayat\u0131n her alan\u0131na yaymaya devam ettiklerini kaydeden \u00c7avu\u015fo\u011flu, \u00e7\u00f6lyak hastalar\u0131n\u0131n gl\u00fctensiz g\u0131daya eri\u015fiminin maliyetli bir s\u00fcre\u00e7 oldu\u011funu, \u00f6zellikle dar gelirli ailelerin bu konuda b\u00fcy\u00fck zorluk \u00e7ekti\u011fini ifade ederek, &#8220;Amac\u0131m\u0131z bir nebze de olsa hastalar\u0131m\u0131z\u0131n mutfa\u011f\u0131ndaki eksikleri tamamlamak ve onlara yaln\u0131z olmad\u0131klar\u0131n\u0131 hissettirmektir&#8221; dedi.<br \/><\/p>\n","protected":false},"excerpt":{"rendered":"<p>Denizli B\u00fcy\u00fck\u015fehir Belediyesi\u2019nin \u00e7\u00f6lyak hastalar\u0131n\u0131n sa\u011fl\u0131kl\u0131 ve g\u00fcvenilir g\u0131daya eri\u015fimi i\u00e7in verece\u011fi gl\u00fctensiz g\u0131da paketi deste\u011fi m\u00fcracaatlar\u0131 ba\u015flad\u0131. Ba\u015fvurular, 28 \u015eubat 2026 Cumartesi g\u00fcn\u00fcne kadar s\u00fcrecek. Denizli B\u00fcy\u00fck\u015fehir Belediyesi, y\u00fcksek maliyetli gl\u00fctensiz g\u0131dalarla beslenmek zorunda olan ihtiya\u00e7 sahibi \u00e7\u00f6lyak hastalar\u0131n\u0131 bu y\u0131l da yaln\u0131z b\u0131rakm\u0131yor. Dar gelirli ailelerin gl\u00fctensiz \u00fcr\u00fcnlere ula\u015fmas\u0131n\u0131 kolayla\u015ft\u0131rmay\u0131 hedefleyen Denizli B\u00fcy\u00fck\u015fehir&#8230;<\/p>\n","protected":false},"author":1,"featured_media":88749,"comment_status":"open","ping_status":"open","sticky":false,"template":"","format":"standard","meta":{"_crdt_document":"","footnotes":""},"categories":[2],"tags":[],"class_list":["post-88748","post","type-post","status-publish","format-standard","has-post-thumbnail","hentry","category-saglik"],"_links":{"self":[{"href":"https:\/\/www.egemtv.com\/index.php?rest_route=\/wp\/v2\/posts\/88748","targetHints":{"allow":["GET"]}}],"collection":[{"href":"https:\/\/www.egemtv.com\/index.php?rest_route=\/wp\/v2\/posts"}],"about":[{"href":"https:\/\/www.egemtv.com\/index.php?rest_route=\/wp\/v2\/types\/post"}],"author":[{"embeddable":true,"href":"https:\/\/www.egemtv.com\/index.php?rest_route=\/wp\/v2\/users\/1"}],"replies":[{"embeddable":true,"href":"https:\/\/www.egemtv.com\/index.php?rest_route=%2Fwp%2Fv2%2Fcomments&post=88748"}],"version-history":[{"count":1,"href":"https:\/\/www.egemtv.com\/index.php?rest_route=\/wp\/v2\/posts\/88748\/revisions"}],"predecessor-version":[{"id":88750,"href":"https:\/\/www.egemtv.com\/index.php?rest_route=\/wp\/v2\/posts\/88748\/revisions\/88750"}],"wp:featuredmedia":[{"embeddable":true,"href":"https:\/\/www.egemtv.com\/index.php?rest_route=\/wp\/v2\/media\/88749"}],"wp:attachment":[{"href":"https:\/\/www.egemtv.com\/index.php?rest_route=%2Fwp%2Fv2%2Fmedia&parent=88748"}],"wp:term":[{"taxonomy":"category","embeddable":true,"href":"https:\/\/www.egemtv.com\/index.php?rest_route=%2Fwp%2Fv2%2Fcategories&post=88748"},{"taxonomy":"post_tag","embeddable":true,"href":"https:\/\/www.egemtv.com\/index.php?rest_route=%2Fwp%2Fv2%2Ftags&post=88748"}],"curies":[{"name":"wp","href":"https:\/\/api.w.org\/{rel}","templated":true}]}}