{"id":88745,"date":"2026-02-18T13:54:46","date_gmt":"2026-02-18T10:54:46","guid":{"rendered":"https:\/\/www.egemtv.com\/?p=88745"},"modified":"2026-02-18T13:54:48","modified_gmt":"2026-02-18T10:54:48","slug":"cameli-belediyesinden-ramazan-oncesi-marketlere-siki-denetim","status":"publish","type":"post","link":"https:\/\/www.egemtv.com\/?p=88745","title":{"rendered":"\u00c7ameli Belediyesinden Ramazan \u00f6ncesi marketlere s\u0131k\u0131 denetim"},"content":{"rendered":"<p>Ramazan ay\u0131 \u00f6ncesinde il\u00e7edeki marketlerde kapsaml\u0131 denetim ger\u00e7ekle\u015ftiren \u00c7ameli Belediyesi Zab\u0131ta M\u00fcd\u00fcrl\u00fc\u011f\u00fc ekipleri, fiyat etiketi, son t\u00fcketim tarihi ve hijyen kurallar\u0131n\u0131 mercek alt\u0131na ald\u0131.<br \/>\n<br \/>\u00c7ameli Belediyesi Zab\u0131ta M\u00fcd\u00fcrl\u00fc\u011f\u00fc ekipleri, yakla\u015fan Ramazan ay\u0131 \u00f6ncesinde il\u00e7e genelinde faaliyet g\u00f6steren marketlerde denetimlerini art\u0131rd\u0131. Vatanda\u015flar\u0131n g\u00fcvenli ve sa\u011fl\u0131kl\u0131 al\u0131\u015fveri\u015f yapabilmesi amac\u0131yla ger\u00e7ekle\u015ftirilen kontrollerde bir\u00e7ok ba\u015fl\u0131k titizlikle incelendi. Denetimlerde raf ve kasa fiyatlar\u0131n\u0131n uyumu kontrol edilirken, \u00fcr\u00fcnlerin son t\u00fcketim tarihleri, depolama ortamlar\u0131 ve hijyen standartlar\u0131 detayl\u0131 \u015fekilde g\u00f6zden ge\u00e7irildi. Ayr\u0131ca \u00fcr\u00fcn etiket bilgilerinin mevzuata uygun olup olmad\u0131\u011f\u0131 ve i\u015f yerlerinin genel d\u00fczeni de denetim kapsam\u0131na al\u0131nd\u0131. Temel g\u0131da \u00fcr\u00fcnlerinde herhangi bir fiyat art\u0131\u015f\u0131 ya da t\u00fcketiciyi ma\u011fdur edecek uygulamalar\u0131n \u00f6n\u00fcne ge\u00e7mek amac\u0131yla i\u015fletme yetkililerine gerekli bilgilendirmeler yap\u0131ld\u0131. Zab\u0131ta ekipleri, y\u00fcr\u00fcrl\u00fckteki kurallar\u0131 hat\u0131rlatarak hem t\u00fcketici haklar\u0131n\u0131n korunmas\u0131 hem de haks\u0131z rekabetin \u00f6nlenmesi konusunda uyar\u0131larda bulundu.<br \/>\n<br \/>\u00c7ameli Belediye Ba\u015fkan\u0131 Cengiz Arslan, vatanda\u015flar\u0131n huzurlu ve sa\u011fl\u0131kl\u0131 bir Ramazan ay\u0131 ge\u00e7irmesi i\u00e7in denetimlerin belirli aral\u0131klarla devam edece\u011fini belirterek, kar\u015f\u0131la\u015f\u0131lan olumsuzluklar\u0131n belediyeye bildirilmesi \u00e7a\u011fr\u0131s\u0131nda bulundu.<br \/><\/p>\n","protected":false},"excerpt":{"rendered":"<p>Ramazan ay\u0131 \u00f6ncesinde il\u00e7edeki marketlerde kapsaml\u0131 denetim ger\u00e7ekle\u015ftiren \u00c7ameli Belediyesi Zab\u0131ta M\u00fcd\u00fcrl\u00fc\u011f\u00fc ekipleri, fiyat etiketi, son t\u00fcketim tarihi ve hijyen kurallar\u0131n\u0131 mercek alt\u0131na ald\u0131. \u00c7ameli Belediyesi Zab\u0131ta M\u00fcd\u00fcrl\u00fc\u011f\u00fc ekipleri, yakla\u015fan Ramazan ay\u0131 \u00f6ncesinde il\u00e7e genelinde faaliyet g\u00f6steren marketlerde denetimlerini art\u0131rd\u0131. Vatanda\u015flar\u0131n g\u00fcvenli ve sa\u011fl\u0131kl\u0131 al\u0131\u015fveri\u015f yapabilmesi amac\u0131yla ger\u00e7ekle\u015ftirilen kontrollerde bir\u00e7ok ba\u015fl\u0131k titizlikle incelendi. Denetimlerde raf&#8230;<\/p>\n","protected":false},"author":1,"featured_media":88746,"comment_status":"open","ping_status":"open","sticky":false,"template":"","format":"standard","meta":{"_crdt_document":"","footnotes":""},"categories":[2],"tags":[],"class_list":["post-88745","post","type-post","status-publish","format-standard","has-post-thumbnail","hentry","category-saglik"],"_links":{"self":[{"href":"https:\/\/www.egemtv.com\/index.php?rest_route=\/wp\/v2\/posts\/88745","targetHints":{"allow":["GET"]}}],"collection":[{"href":"https:\/\/www.egemtv.com\/index.php?rest_route=\/wp\/v2\/posts"}],"about":[{"href":"https:\/\/www.egemtv.com\/index.php?rest_route=\/wp\/v2\/types\/post"}],"author":[{"embeddable":true,"href":"https:\/\/www.egemtv.com\/index.php?rest_route=\/wp\/v2\/users\/1"}],"replies":[{"embeddable":true,"href":"https:\/\/www.egemtv.com\/index.php?rest_route=%2Fwp%2Fv2%2Fcomments&post=88745"}],"version-history":[{"count":1,"href":"https:\/\/www.egemtv.com\/index.php?rest_route=\/wp\/v2\/posts\/88745\/revisions"}],"predecessor-version":[{"id":88747,"href":"https:\/\/www.egemtv.com\/index.php?rest_route=\/wp\/v2\/posts\/88745\/revisions\/88747"}],"wp:featuredmedia":[{"embeddable":true,"href":"https:\/\/www.egemtv.com\/index.php?rest_route=\/wp\/v2\/media\/88746"}],"wp:attachment":[{"href":"https:\/\/www.egemtv.com\/index.php?rest_route=%2Fwp%2Fv2%2Fmedia&parent=88745"}],"wp:term":[{"taxonomy":"category","embeddable":true,"href":"https:\/\/www.egemtv.com\/index.php?rest_route=%2Fwp%2Fv2%2Fcategories&post=88745"},{"taxonomy":"post_tag","embeddable":true,"href":"https:\/\/www.egemtv.com\/index.php?rest_route=%2Fwp%2Fv2%2Ftags&post=88745"}],"curies":[{"name":"wp","href":"https:\/\/api.w.org\/{rel}","templated":true}]}}