{"id":88739,"date":"2026-02-18T13:35:01","date_gmt":"2026-02-18T10:35:01","guid":{"rendered":"https:\/\/www.egemtv.com\/?p=88739"},"modified":"2026-02-18T13:35:02","modified_gmt":"2026-02-18T10:35:02","slug":"simavdan-43-ramazan-ayi-umrecisi-dualarla-ugurlandi","status":"publish","type":"post","link":"https:\/\/www.egemtv.com\/?p=88739","title":{"rendered":"Simav\u2019dan 43 Ramazan ay\u0131 umrecisi dualarla u\u011furland\u0131"},"content":{"rendered":"<p>K\u00fctahya\u2019n\u0131n Simav il\u00e7esinde, Diyanet \u0130\u015fleri Ba\u015fkanl\u0131\u011f\u0131 organizasyonuyla Ramazan ay\u0131 umresi i\u00e7in kutsal topraklara gidecek 43 vatanda\u015f i\u00e7in u\u011furlama program\u0131 d\u00fczenlendi.<br \/>\n<br \/>Otogarda ger\u00e7ekle\u015ftirilen programda \u0130l\u00e7e M\u00fcft\u00fc Vekili Hakk\u0131 Bal\u0131 bir konu\u015fma yaparak umre yolculu\u011funun \u00f6nemine de\u011findi ve kafile i\u00e7in dua etti. Yap\u0131lan duan\u0131n ard\u0131ndan umreciler, Ramazan ay\u0131n\u0131 kutsal topraklarda ge\u00e7irmek \u00fczere yolcu edildi.<br \/>\n<br \/>Umre kafilesine din g\u00f6revlileri \u015eerefettin Aydo\u011fan ve Ahmet \u0130zbudak grup hocas\u0131 olarak rehberlik edecek.<br \/>\n<br \/>Duygusal anlar\u0131n ya\u015fand\u0131\u011f\u0131 u\u011furlama program\u0131nda vatanda\u015flar, yak\u0131nlar\u0131n\u0131 dualarla kutsal yolculu\u011fa u\u011furlad\u0131.<br \/><\/p>\n","protected":false},"excerpt":{"rendered":"<p>K\u00fctahya\u2019n\u0131n Simav il\u00e7esinde, Diyanet \u0130\u015fleri Ba\u015fkanl\u0131\u011f\u0131 organizasyonuyla Ramazan ay\u0131 umresi i\u00e7in kutsal topraklara gidecek 43 vatanda\u015f i\u00e7in u\u011furlama program\u0131 d\u00fczenlendi. Otogarda ger\u00e7ekle\u015ftirilen programda \u0130l\u00e7e M\u00fcft\u00fc Vekili Hakk\u0131 Bal\u0131 bir konu\u015fma yaparak umre yolculu\u011funun \u00f6nemine de\u011findi ve kafile i\u00e7in dua etti. Yap\u0131lan duan\u0131n ard\u0131ndan umreciler, Ramazan ay\u0131n\u0131 kutsal topraklarda ge\u00e7irmek \u00fczere yolcu edildi. Umre kafilesine din&#8230;<\/p>\n","protected":false},"author":1,"featured_media":88740,"comment_status":"open","ping_status":"open","sticky":false,"template":"","format":"standard","meta":{"_crdt_document":"","footnotes":""},"categories":[123],"tags":[],"class_list":["post-88739","post","type-post","status-publish","format-standard","has-post-thumbnail","hentry","category-gundem"],"_links":{"self":[{"href":"https:\/\/www.egemtv.com\/index.php?rest_route=\/wp\/v2\/posts\/88739","targetHints":{"allow":["GET"]}}],"collection":[{"href":"https:\/\/www.egemtv.com\/index.php?rest_route=\/wp\/v2\/posts"}],"about":[{"href":"https:\/\/www.egemtv.com\/index.php?rest_route=\/wp\/v2\/types\/post"}],"author":[{"embeddable":true,"href":"https:\/\/www.egemtv.com\/index.php?rest_route=\/wp\/v2\/users\/1"}],"replies":[{"embeddable":true,"href":"https:\/\/www.egemtv.com\/index.php?rest_route=%2Fwp%2Fv2%2Fcomments&post=88739"}],"version-history":[{"count":1,"href":"https:\/\/www.egemtv.com\/index.php?rest_route=\/wp\/v2\/posts\/88739\/revisions"}],"predecessor-version":[{"id":88741,"href":"https:\/\/www.egemtv.com\/index.php?rest_route=\/wp\/v2\/posts\/88739\/revisions\/88741"}],"wp:featuredmedia":[{"embeddable":true,"href":"https:\/\/www.egemtv.com\/index.php?rest_route=\/wp\/v2\/media\/88740"}],"wp:attachment":[{"href":"https:\/\/www.egemtv.com\/index.php?rest_route=%2Fwp%2Fv2%2Fmedia&parent=88739"}],"wp:term":[{"taxonomy":"category","embeddable":true,"href":"https:\/\/www.egemtv.com\/index.php?rest_route=%2Fwp%2Fv2%2Fcategories&post=88739"},{"taxonomy":"post_tag","embeddable":true,"href":"https:\/\/www.egemtv.com\/index.php?rest_route=%2Fwp%2Fv2%2Ftags&post=88739"}],"curies":[{"name":"wp","href":"https:\/\/api.w.org\/{rel}","templated":true}]}}