{"id":88736,"date":"2026-02-18T13:35:00","date_gmt":"2026-02-18T10:35:00","guid":{"rendered":"https:\/\/www.egemtv.com\/?p=88736"},"modified":"2026-02-18T13:35:01","modified_gmt":"2026-02-18T10:35:01","slug":"karatepe-sehitleri-dualarla-anildi","status":"publish","type":"post","link":"https:\/\/www.egemtv.com\/?p=88736","title":{"rendered":"Karatepe \u015fehitleri dualarla an\u0131ld\u0131"},"content":{"rendered":"<p>Ayd\u0131n\u2019\u0131n K\u00f6\u015fk il\u00e7esine ba\u011fl\u0131 Karatepe K\u00f6y\u00fc\u2019nde 104 y\u0131l \u00f6nce 18 \u015eubat 1922 g\u00fcn\u00fc Yunanl\u0131lar taraf\u0131ndan caminin i\u00e7erisine doldurularak yak\u0131lan y\u00fczlerce \u015fehit, ger\u00e7ekle\u015ftirilen \u015fehitlik ziyaretinde dualarla an\u0131ld\u0131.<\/p>\n<p>Birinci D\u00fcnya Sava\u015f\u0131\u2019ndan sonra Yunan mezaliminin en a\u011f\u0131r ger\u00e7ekle\u015fti\u011fi yerlerden biri olan K\u00f6\u015fk Karatepe\u2019de resmi kay\u0131tlara g\u00f6re 93 ki\u015fi resmi olmayan kay\u0131tlara g\u00f6re ise k\u00f6ydeki iki ayr\u0131 camide yakla\u015f\u0131k 300 ki\u015fi, yak\u0131larak \u015fehit edildi. Yunanl\u0131lara direndikleri ve vatan\u0131 savunan efelere yard\u0131m edip kar\u0131nlar\u0131n\u0131 doyurduklar\u0131 gerek\u00e7esi ile Sekiyurt ve Sar\u0131ahmetler Camisi\u2019ne doldurulup yak\u0131lan masum insanlar\u0131n \u015fehit edilmesinin \u00fczerinden bir as\u0131r ge\u00e7ti. Bu \u00e7er\u00e7evede K\u00f6\u015fk Belediyesi taraf\u0131ndan Karatepe \u015eehitli\u011fi\u2019ne ziyaret ger\u00e7ekle\u015ftirildi. Ger\u00e7ekle\u015ftirilen ziyarette Karatepe \u015fehitleri dualarla an\u0131ld\u0131. Duygusal anlar\u0131n ya\u015fand\u0131\u011f\u0131 ziyaret sonras\u0131nda \u015fehitlerin ruhlar\u0131 i\u00e7in Yasin-i \u015eerif okundu.<\/p>\n<p>Konu ile ilgili sosyal medya \u00fczerinden payla\u015f\u0131m yapan K\u00f6\u015fk Belediye Ba\u015fkan\u0131 Nuri G\u00fcler, &#8220;Karatepe Katliam\u0131\u2019n\u0131n 104. y\u0131l d\u00f6n\u00fcm\u00fcnde, Kaymakam\u0131m\u0131z Hasan Ta\u015f ve kurum amirlerimiz ile birlikte Karatepe \u015eehitli\u011fimizi ziyaret ederek, Yunan mezaliminde \u015fehit d\u00fc\u015fen aziz \u015fehitlerimizi dualarla ve rahmetle yad ettik. Milletimizin ba\u011f\u0131ms\u0131zl\u0131k u\u011fruna verdi\u011fi onurlu m\u00fccadelenin simgesi olan kahraman \u015fehitlerimizi sayg\u0131, minnet ve \u015f\u00fckranla an\u0131yor, aziz emanetlerine sahip \u00e7\u0131kmaya kararl\u0131l\u0131kla devam ediyoruz. Ruhlar\u0131 \u015fad olsun&#8221; dedi.<br \/><\/p>\n","protected":false},"excerpt":{"rendered":"<p>Ayd\u0131n\u2019\u0131n K\u00f6\u015fk il\u00e7esine ba\u011fl\u0131 Karatepe K\u00f6y\u00fc\u2019nde 104 y\u0131l \u00f6nce 18 \u015eubat 1922 g\u00fcn\u00fc Yunanl\u0131lar taraf\u0131ndan caminin i\u00e7erisine doldurularak yak\u0131lan y\u00fczlerce \u015fehit, ger\u00e7ekle\u015ftirilen \u015fehitlik ziyaretinde dualarla an\u0131ld\u0131. Birinci D\u00fcnya Sava\u015f\u0131\u2019ndan sonra Yunan mezaliminin en a\u011f\u0131r ger\u00e7ekle\u015fti\u011fi yerlerden biri olan K\u00f6\u015fk Karatepe\u2019de resmi kay\u0131tlara g\u00f6re 93 ki\u015fi resmi olmayan kay\u0131tlara g\u00f6re ise k\u00f6ydeki iki ayr\u0131 camide yakla\u015f\u0131k&#8230;<\/p>\n","protected":false},"author":1,"featured_media":88737,"comment_status":"open","ping_status":"open","sticky":false,"template":"","format":"standard","meta":{"_crdt_document":"","footnotes":""},"categories":[1],"tags":[],"class_list":["post-88736","post","type-post","status-publish","format-standard","has-post-thumbnail","hentry","category-guncel"],"_links":{"self":[{"href":"https:\/\/www.egemtv.com\/index.php?rest_route=\/wp\/v2\/posts\/88736","targetHints":{"allow":["GET"]}}],"collection":[{"href":"https:\/\/www.egemtv.com\/index.php?rest_route=\/wp\/v2\/posts"}],"about":[{"href":"https:\/\/www.egemtv.com\/index.php?rest_route=\/wp\/v2\/types\/post"}],"author":[{"embeddable":true,"href":"https:\/\/www.egemtv.com\/index.php?rest_route=\/wp\/v2\/users\/1"}],"replies":[{"embeddable":true,"href":"https:\/\/www.egemtv.com\/index.php?rest_route=%2Fwp%2Fv2%2Fcomments&post=88736"}],"version-history":[{"count":1,"href":"https:\/\/www.egemtv.com\/index.php?rest_route=\/wp\/v2\/posts\/88736\/revisions"}],"predecessor-version":[{"id":88738,"href":"https:\/\/www.egemtv.com\/index.php?rest_route=\/wp\/v2\/posts\/88736\/revisions\/88738"}],"wp:featuredmedia":[{"embeddable":true,"href":"https:\/\/www.egemtv.com\/index.php?rest_route=\/wp\/v2\/media\/88737"}],"wp:attachment":[{"href":"https:\/\/www.egemtv.com\/index.php?rest_route=%2Fwp%2Fv2%2Fmedia&parent=88736"}],"wp:term":[{"taxonomy":"category","embeddable":true,"href":"https:\/\/www.egemtv.com\/index.php?rest_route=%2Fwp%2Fv2%2Fcategories&post=88736"},{"taxonomy":"post_tag","embeddable":true,"href":"https:\/\/www.egemtv.com\/index.php?rest_route=%2Fwp%2Fv2%2Ftags&post=88736"}],"curies":[{"name":"wp","href":"https:\/\/api.w.org\/{rel}","templated":true}]}}