{"id":88730,"date":"2026-02-18T13:14:49","date_gmt":"2026-02-18T10:14:49","guid":{"rendered":"https:\/\/www.egemtv.com\/?p=88730"},"modified":"2026-02-18T13:14:50","modified_gmt":"2026-02-18T10:14:50","slug":"denizdeki-tasmanin-nedeni-bilesik-kaplar-etkisi","status":"publish","type":"post","link":"https:\/\/www.egemtv.com\/?p=88730","title":{"rendered":"Denizdeki ta\u015fman\u0131n nedeni \u2019bile\u015fik kaplar\u2019 etkisi"},"content":{"rendered":"<p>Ege\u2019yi etkisi alt\u0131na alan d\u00fc\u015f\u00fck bas\u0131n\u00e7 sistemi \u0130zmir\u2019de deniz seviyesini 85 santimetreye kadar y\u00fckseltti. 17 \u015eubat\u2019ta 991 milibara kadar gerileyen atmosfer bas\u0131nc\u0131, g\u00fcneyli r\u00fczg\u00e2r ve ya\u011f\u0131\u015fla birle\u015fince k\u0131y\u0131 hatt\u0131nda k\u0131sa s\u00fcreli ta\u015fmalar ya\u015fand\u0131. \u0130ZDEN\u0130Z Y\u00f6netim Kurulu Ba\u015fkan\u0131 Dr. I\u015f\u0131khan G\u00fcler, &#8220;Deniz seviyesi altyap\u0131 kotlar\u0131n\u0131n \u00fczerine \u00e7\u0131kt\u0131\u011f\u0131nda suyun mazgallardan geri basmas\u0131 fiziki bir zorunluluktur. Bu altyap\u0131 yetersizli\u011fi de\u011fil, hidrolik dengenin do\u011fal sonucudur&#8221; dedi.<br \/>\n<br \/>\u0130zmir\u2019de 17 \u015eubat\u2019ta sabah saatlerinden itibaren etkisini art\u0131ran sa\u011fanak ya\u011f\u0131\u015f ve g\u00fcneyli r\u00fczg\u00e2r, atmosfer bas\u0131nc\u0131ndaki sert d\u00fc\u015f\u00fc\u015fle birle\u015fince deniz seviyesinde dikkat \u00e7ekici bir y\u00fckselmeye yol a\u00e7t\u0131. Ak\u015fam saatlerinde bas\u0131nc\u0131n 991 milibara kadar gerilemesiyle birlikte deniz seviyesi 80-85 santimetre band\u0131na \u00e7\u0131kt\u0131. Bu durum, \u00f6zellikle deniz kotuna yak\u0131n b\u00f6lgelerde ya\u011fmur suyunun tahliyesini ge\u00e7ici olarak zorla\u015ft\u0131rd\u0131.<\/p>\n<p>B\u00fcy\u00fck\u015fehir ekipleri 24 saattir sahada<br \/>\n<br \/>\u0130zmir B\u00fcy\u00fck\u015fehir Belediyesi ve \u0130ZSU ekipleri, Kordon ve Mavi\u015fehir ba\u015fta olmak \u00fczere k\u0131y\u0131 hatt\u0131nda 24 saattir aral\u0131ks\u0131z g\u00f6rev yap\u0131yor. 412 i\u015f makinesi, 200 pompa ve 1365 personel ile m\u00fcdahale s\u00fcrd\u00fcr\u00fcl\u00fcyor. Mazgallarda geri basmaya kar\u015f\u0131 kontroller yap\u0131l\u0131rken, yol ve kav\u015faklarda su tahliye \u00e7al\u0131\u015fmalar\u0131 devam ediyor. Meteorolojik veriler anl\u0131k takip ediliyor; bas\u0131n\u00e7 de\u011ferlerinin y\u00fckselmesiyle birlikte deniz seviyesinin kademeli olarak normale d\u00f6nmesi bekleniyor.<br \/>\n<br \/>Uzmanlara g\u00f6re ya\u015fanan tablo, meteorolojik ko\u015fullar\u0131n ayn\u0131 anda devreye girdi\u011fi b\u00f6lgesel bir atmosferik sistemin sonucu.<\/p>\n<p>&#8220;Bile\u015fik kaplar&#8221; etkisi: Su denize akam\u0131yor<br \/>\n<br \/>\u0130ZDEN\u0130Z Y\u00f6netim Kurulu Ba\u015fkan\u0131 Dr. I\u015f\u0131khan G\u00fcler, ya\u015fanan durumu \u015f\u00f6yle de\u011ferlendirdi:<br \/>\n<br \/>&#8220;Deniz seviyesi altyap\u0131 kotlar\u0131n\u0131n \u00fczerine \u00e7\u0131kt\u0131\u011f\u0131nda, ya\u011fmur suyu do\u011fal olarak denize do\u011fru akamaz. Fizikteki bile\u015fik kaplar prensibi burada devreye girer. Deniz seviyesi daha y\u00fcksek oldu\u011funda su mazgallardan geri basabilir. Bu altyap\u0131 yetersizli\u011fi de\u011fil, hidrolik dengenin do\u011fal sonucudur. Deniz seviyesi y\u00fcksekken ya\u011fan ya\u011fmurun tahliyesi ge\u00e7ici olarak zorla\u015f\u0131yor. \u00dczerine dalga y\u00fcksekli\u011fi de eklendi\u011finde, k\u0131y\u0131ya yak\u0131n mazgallardan geri tepme g\u00f6r\u00fclebiliyor. Bu nedenle \u00f6zellikle Kordon ve Mavi\u015fehir hatt\u0131nda k\u0131sa s\u00fcreli su bask\u0131nlar\u0131 ya\u015fand\u0131.&#8221;<\/p>\n<p>&#8220;Bu yaln\u0131zca \u0130zmir\u2019e \u00f6zg\u00fc de\u011fil&#8221;<br \/>\n<br \/>Dr. G\u00fcler, ya\u015fanan durumun b\u00f6lgesel bir atmosferik sistemin sonucu oldu\u011funu belirterek, &#8220;Ayn\u0131 sistem Ayval\u0131k\u2019tan Mu\u011fla k\u0131y\u0131lar\u0131na kadar Ege genelinde benzer sonu\u00e7lar do\u011furuyor. Benzer hidrodinamik olaylar d\u00fcnyada da g\u00f6r\u00fcl\u00fcr. \u00d6rne\u011fin Venedik\u2019te y\u0131lda birka\u00e7 kez deniz seviyesi y\u00fckselmesine ba\u011fl\u0131 ta\u015fk\u0131n ya\u015fanabiliyor. Bas\u0131n\u00e7 de\u011ferleri y\u00fckselmeye ba\u015flad\u0131\u011f\u0131nda deniz seviyesi de kademeli olarak normale d\u00f6ner&#8221; dedi.<\/p>\n<p>\u0130zmir merkeze metrekareye 44,2 kg ya\u011f\u0131\u015f<br \/>\n<br \/>Afet Koordinasyon Merkezi (AKOM) verilerine g\u00f6re kent genelinde sabah ba\u015flayan ya\u011f\u0131\u015f, \u00f6\u011fleden sonra etkisini art\u0131rd\u0131. En y\u00fcksek ya\u011f\u0131\u015f de\u011ferleri Bay\u0131nd\u0131r\/\u00c7\u0131nardibi metrekareye 78,2 kg, \u00d6demi\u015f\/Demirdere K\u00f6y\u00fc\u2019nde 73,5 kg, Menderes\/\u00c7ileme K\u00f6y\u00fc\u2019nde ise 61,3 kg olarak \u00f6l\u00e7\u00fcld\u00fc. \u0130zmir merkezde ise 44,2 kg ya\u011f\u0131\u015f kaydedildi. Bu de\u011ferler \u00f6zellikle d\u00fc\u015f\u00fck kotlu b\u00f6lgelerde k\u0131sa s\u00fcreli su birikintilerine neden oldu.<\/p>\n<p>Bas\u0131n\u00e7 991 mb\u2019a d\u00fc\u015ft\u00fc, deniz 85 santimetre y\u00fckseldi<br \/>\n<br \/>D\u00fcn ak\u015fam saatlerinde atmosfer bas\u0131nc\u0131n\u0131n 991 milibara kadar gerilemesiyle birlikte deniz seviyesi 80-85 santimetre band\u0131na \u00e7\u0131kt\u0131. Uzmanlara g\u00f6re bu durum &#8220;ters barometre etkisi&#8221; olarak biliniyor. Atmosfer bas\u0131nc\u0131 d\u00fc\u015ft\u00fc\u011f\u00fcnde deniz y\u00fczeyine uygulanan a\u011f\u0131rl\u0131k azal\u0131yor ve su seviyesi y\u00fckseliyor. Buna saatte \u015fiddetli r\u00fczg\u00e2rlar eklendi\u011finde su k\u00fctlesi k\u0131y\u0131ya do\u011fru itiliyor. Ya\u011f\u0131\u015f\u0131n ayn\u0131 zaman diliminde devam etmesi ise tabloyu daha da belirgin hale getiriyor.<br \/><\/p>\n","protected":false},"excerpt":{"rendered":"<p>Ege\u2019yi etkisi alt\u0131na alan d\u00fc\u015f\u00fck bas\u0131n\u00e7 sistemi \u0130zmir\u2019de deniz seviyesini 85 santimetreye kadar y\u00fckseltti. 17 \u015eubat\u2019ta 991 milibara kadar gerileyen atmosfer bas\u0131nc\u0131, g\u00fcneyli r\u00fczg\u00e2r ve ya\u011f\u0131\u015fla birle\u015fince k\u0131y\u0131 hatt\u0131nda k\u0131sa s\u00fcreli ta\u015fmalar ya\u015fand\u0131. \u0130ZDEN\u0130Z Y\u00f6netim Kurulu Ba\u015fkan\u0131 Dr. I\u015f\u0131khan G\u00fcler, &#8220;Deniz seviyesi altyap\u0131 kotlar\u0131n\u0131n \u00fczerine \u00e7\u0131kt\u0131\u011f\u0131nda suyun mazgallardan geri basmas\u0131 fiziki bir zorunluluktur. Bu altyap\u0131&#8230;<\/p>\n","protected":false},"author":1,"featured_media":88731,"comment_status":"open","ping_status":"open","sticky":false,"template":"","format":"standard","meta":{"_crdt_document":"","footnotes":""},"categories":[1],"tags":[],"class_list":["post-88730","post","type-post","status-publish","format-standard","has-post-thumbnail","hentry","category-guncel"],"_links":{"self":[{"href":"https:\/\/www.egemtv.com\/index.php?rest_route=\/wp\/v2\/posts\/88730","targetHints":{"allow":["GET"]}}],"collection":[{"href":"https:\/\/www.egemtv.com\/index.php?rest_route=\/wp\/v2\/posts"}],"about":[{"href":"https:\/\/www.egemtv.com\/index.php?rest_route=\/wp\/v2\/types\/post"}],"author":[{"embeddable":true,"href":"https:\/\/www.egemtv.com\/index.php?rest_route=\/wp\/v2\/users\/1"}],"replies":[{"embeddable":true,"href":"https:\/\/www.egemtv.com\/index.php?rest_route=%2Fwp%2Fv2%2Fcomments&post=88730"}],"version-history":[{"count":1,"href":"https:\/\/www.egemtv.com\/index.php?rest_route=\/wp\/v2\/posts\/88730\/revisions"}],"predecessor-version":[{"id":88732,"href":"https:\/\/www.egemtv.com\/index.php?rest_route=\/wp\/v2\/posts\/88730\/revisions\/88732"}],"wp:featuredmedia":[{"embeddable":true,"href":"https:\/\/www.egemtv.com\/index.php?rest_route=\/wp\/v2\/media\/88731"}],"wp:attachment":[{"href":"https:\/\/www.egemtv.com\/index.php?rest_route=%2Fwp%2Fv2%2Fmedia&parent=88730"}],"wp:term":[{"taxonomy":"category","embeddable":true,"href":"https:\/\/www.egemtv.com\/index.php?rest_route=%2Fwp%2Fv2%2Fcategories&post=88730"},{"taxonomy":"post_tag","embeddable":true,"href":"https:\/\/www.egemtv.com\/index.php?rest_route=%2Fwp%2Fv2%2Ftags&post=88730"}],"curies":[{"name":"wp","href":"https:\/\/api.w.org\/{rel}","templated":true}]}}