{"id":88724,"date":"2026-02-18T12:54:52","date_gmt":"2026-02-18T09:54:52","guid":{"rendered":"https:\/\/www.egemtv.com\/?p=88724"},"modified":"2026-02-18T12:54:53","modified_gmt":"2026-02-18T09:54:53","slug":"emette-tashih-i-huruf-kursunu-tamamlayan-din-gorevlilerine-basari-belgesi","status":"publish","type":"post","link":"https:\/\/www.egemtv.com\/?p=88724","title":{"rendered":"Emet\u2019te Tashih-i Hur\u00fbf Kursunu tamamlayan din g\u00f6revlilerine ba\u015far\u0131 belgesi"},"content":{"rendered":"<p>K\u00fctahya\u2019n\u0131n Emet \u0130l\u00e7e M\u00fcft\u00fcl\u00fc\u011f\u00fc taraf\u0131ndan d\u00fczenlenen Tashih-i Hur\u00fbf Kursunu ba\u015far\u0131yla tamamlayan din g\u00f6revlilerine belgeleri takdim edildi.<br \/>\n<br \/>Ger\u00e7ekle\u015ftirilen programda kurs s\u00fcrecini ba\u015far\u0131yla bitiren din g\u00f6revlilerine ba\u015far\u0131 belgeleri \u0130l\u00e7e M\u00fcft\u00fcs\u00fc \u0130smail \u00c7\u0131nar taraf\u0131ndan verildi. Programda konu\u015fan M\u00fcft\u00fc \u00c7\u0131nar, Kur\u2019an-\u0131 Kerim\u2019i do\u011fru ve g\u00fczel okuman\u0131n din g\u00f6revlileri i\u00e7in b\u00fcy\u00fck \u00f6nem ta\u015f\u0131d\u0131\u011f\u0131n\u0131 vurgulayarak kursa kat\u0131lan ve ba\u015far\u0131 g\u00f6steren t\u00fcm hocalar\u0131 tebrik etti, g\u00f6revlerinde kolayl\u0131klar diledi.<br \/><\/p>\n","protected":false},"excerpt":{"rendered":"<p>K\u00fctahya\u2019n\u0131n Emet \u0130l\u00e7e M\u00fcft\u00fcl\u00fc\u011f\u00fc taraf\u0131ndan d\u00fczenlenen Tashih-i Hur\u00fbf Kursunu ba\u015far\u0131yla tamamlayan din g\u00f6revlilerine belgeleri takdim edildi. Ger\u00e7ekle\u015ftirilen programda kurs s\u00fcrecini ba\u015far\u0131yla bitiren din g\u00f6revlilerine ba\u015far\u0131 belgeleri \u0130l\u00e7e M\u00fcft\u00fcs\u00fc \u0130smail \u00c7\u0131nar taraf\u0131ndan verildi. Programda konu\u015fan M\u00fcft\u00fc \u00c7\u0131nar, Kur\u2019an-\u0131 Kerim\u2019i do\u011fru ve g\u00fczel okuman\u0131n din g\u00f6revlileri i\u00e7in b\u00fcy\u00fck \u00f6nem ta\u015f\u0131d\u0131\u011f\u0131n\u0131 vurgulayarak kursa kat\u0131lan ve ba\u015far\u0131 g\u00f6steren t\u00fcm&#8230;<\/p>\n","protected":false},"author":1,"featured_media":88725,"comment_status":"open","ping_status":"open","sticky":false,"template":"","format":"standard","meta":{"_crdt_document":"","footnotes":""},"categories":[1],"tags":[],"class_list":["post-88724","post","type-post","status-publish","format-standard","has-post-thumbnail","hentry","category-guncel"],"_links":{"self":[{"href":"https:\/\/www.egemtv.com\/index.php?rest_route=\/wp\/v2\/posts\/88724","targetHints":{"allow":["GET"]}}],"collection":[{"href":"https:\/\/www.egemtv.com\/index.php?rest_route=\/wp\/v2\/posts"}],"about":[{"href":"https:\/\/www.egemtv.com\/index.php?rest_route=\/wp\/v2\/types\/post"}],"author":[{"embeddable":true,"href":"https:\/\/www.egemtv.com\/index.php?rest_route=\/wp\/v2\/users\/1"}],"replies":[{"embeddable":true,"href":"https:\/\/www.egemtv.com\/index.php?rest_route=%2Fwp%2Fv2%2Fcomments&post=88724"}],"version-history":[{"count":1,"href":"https:\/\/www.egemtv.com\/index.php?rest_route=\/wp\/v2\/posts\/88724\/revisions"}],"predecessor-version":[{"id":88726,"href":"https:\/\/www.egemtv.com\/index.php?rest_route=\/wp\/v2\/posts\/88724\/revisions\/88726"}],"wp:featuredmedia":[{"embeddable":true,"href":"https:\/\/www.egemtv.com\/index.php?rest_route=\/wp\/v2\/media\/88725"}],"wp:attachment":[{"href":"https:\/\/www.egemtv.com\/index.php?rest_route=%2Fwp%2Fv2%2Fmedia&parent=88724"}],"wp:term":[{"taxonomy":"category","embeddable":true,"href":"https:\/\/www.egemtv.com\/index.php?rest_route=%2Fwp%2Fv2%2Fcategories&post=88724"},{"taxonomy":"post_tag","embeddable":true,"href":"https:\/\/www.egemtv.com\/index.php?rest_route=%2Fwp%2Fv2%2Ftags&post=88724"}],"curies":[{"name":"wp","href":"https:\/\/api.w.org\/{rel}","templated":true}]}}