{"id":88721,"date":"2026-02-18T12:54:51","date_gmt":"2026-02-18T09:54:51","guid":{"rendered":"https:\/\/www.egemtv.com\/?p=88721"},"modified":"2026-02-18T12:54:52","modified_gmt":"2026-02-18T09:54:52","slug":"yogun-yagis-sebebiyle-kayan-topraklar-yollari-kapatti","status":"publish","type":"post","link":"https:\/\/www.egemtv.com\/?p=88721","title":{"rendered":"Yo\u011fun ya\u011f\u0131\u015f sebebiyle kayan topraklar yollar\u0131 kapatt\u0131"},"content":{"rendered":"<p>Buldan\u2019\u0131n y\u00fcksek kesimlerinde etkili olan yo\u011fun ya\u011f\u0131\u015flar\u0131n ard\u0131ndan Yayla yolu ile \u00c7atak ve Akta\u015f mahallelerinde toprak kaymalar\u0131 meydana geldi. Kapanan yollar i\u015f makineleriyle yeniden ula\u015f\u0131ma a\u00e7\u0131l\u0131yor.<br \/>\n<br \/>Denizli\u2019nin Buldan il\u00e7esinde son g\u00fcnlerde etkili olan sa\u011fanak ya\u011f\u0131\u015flar, y\u00fcksek kesimlerde toprak kaymalar\u0131na neden oldu. \u00d6zellikle Yayla yolu ba\u015fta olmak \u00fczere \u00c7atak ve Akta\u015f Mahallelerinde ya\u015fanan kaymalar, ula\u015f\u0131mda aksamalara yol a\u00e7t\u0131. Ya\u011f\u0131\u015flar\u0131n topra\u011f\u0131 gev\u015fetmesi sonucu yama\u00e7lardan kopan toprak ve ta\u015f par\u00e7alar\u0131, baz\u0131 noktalarda yolu tamamen kapatt\u0131. B\u00f6lgeye sevk edilen ekipler, i\u015f makineleriyle kapanan yollar\u0131 temizleyerek yeniden ula\u015f\u0131ma a\u00e7mak i\u00e7in yo\u011fun mesai harc\u0131yor.<br \/>\n<br \/>Yetkililer, ya\u011f\u0131\u015flar\u0131n devam etmesi halinde benzer olaylar\u0131n ya\u015fanabilece\u011fine dikkat \u00e7ekerek s\u00fcr\u00fcc\u00fcleri dikkatli olmalar\u0131 konusunda uyard\u0131.<br \/><\/p>\n","protected":false},"excerpt":{"rendered":"<p>Buldan\u2019\u0131n y\u00fcksek kesimlerinde etkili olan yo\u011fun ya\u011f\u0131\u015flar\u0131n ard\u0131ndan Yayla yolu ile \u00c7atak ve Akta\u015f mahallelerinde toprak kaymalar\u0131 meydana geldi. Kapanan yollar i\u015f makineleriyle yeniden ula\u015f\u0131ma a\u00e7\u0131l\u0131yor. Denizli\u2019nin Buldan il\u00e7esinde son g\u00fcnlerde etkili olan sa\u011fanak ya\u011f\u0131\u015flar, y\u00fcksek kesimlerde toprak kaymalar\u0131na neden oldu. \u00d6zellikle Yayla yolu ba\u015fta olmak \u00fczere \u00c7atak ve Akta\u015f Mahallelerinde ya\u015fanan kaymalar, ula\u015f\u0131mda aksamalara&#8230;<\/p>\n","protected":false},"author":1,"featured_media":88722,"comment_status":"open","ping_status":"open","sticky":false,"template":"","format":"standard","meta":{"_crdt_document":"","footnotes":""},"categories":[1],"tags":[],"class_list":["post-88721","post","type-post","status-publish","format-standard","has-post-thumbnail","hentry","category-guncel"],"_links":{"self":[{"href":"https:\/\/www.egemtv.com\/index.php?rest_route=\/wp\/v2\/posts\/88721","targetHints":{"allow":["GET"]}}],"collection":[{"href":"https:\/\/www.egemtv.com\/index.php?rest_route=\/wp\/v2\/posts"}],"about":[{"href":"https:\/\/www.egemtv.com\/index.php?rest_route=\/wp\/v2\/types\/post"}],"author":[{"embeddable":true,"href":"https:\/\/www.egemtv.com\/index.php?rest_route=\/wp\/v2\/users\/1"}],"replies":[{"embeddable":true,"href":"https:\/\/www.egemtv.com\/index.php?rest_route=%2Fwp%2Fv2%2Fcomments&post=88721"}],"version-history":[{"count":1,"href":"https:\/\/www.egemtv.com\/index.php?rest_route=\/wp\/v2\/posts\/88721\/revisions"}],"predecessor-version":[{"id":88723,"href":"https:\/\/www.egemtv.com\/index.php?rest_route=\/wp\/v2\/posts\/88721\/revisions\/88723"}],"wp:featuredmedia":[{"embeddable":true,"href":"https:\/\/www.egemtv.com\/index.php?rest_route=\/wp\/v2\/media\/88722"}],"wp:attachment":[{"href":"https:\/\/www.egemtv.com\/index.php?rest_route=%2Fwp%2Fv2%2Fmedia&parent=88721"}],"wp:term":[{"taxonomy":"category","embeddable":true,"href":"https:\/\/www.egemtv.com\/index.php?rest_route=%2Fwp%2Fv2%2Fcategories&post=88721"},{"taxonomy":"post_tag","embeddable":true,"href":"https:\/\/www.egemtv.com\/index.php?rest_route=%2Fwp%2Fv2%2Ftags&post=88721"}],"curies":[{"name":"wp","href":"https:\/\/api.w.org\/{rel}","templated":true}]}}