{"id":88718,"date":"2026-02-18T12:54:51","date_gmt":"2026-02-18T09:54:51","guid":{"rendered":"https:\/\/www.egemtv.com\/?p=88718"},"modified":"2026-02-18T12:54:51","modified_gmt":"2026-02-18T09:54:51","slug":"vali-yavuz-selim-kosger-ramazan-birlik-ve-beraberligimizi-pekistiren-mustesna-bir-aydir","status":"publish","type":"post","link":"https:\/\/www.egemtv.com\/?p=88718","title":{"rendered":"Vali Yavuz Selim K\u00f6\u015fger: &#8220;Ramazan birlik ve beraberli\u011fimizi peki\u015ftiren m\u00fcstesna bir ayd\u0131r&#8221;"},"content":{"rendered":"<p>Denizli Valisi Yavuz Selim K\u00f6\u015fger, Ramazan-\u0131 \u015eerif dolay\u0131s\u0131yla yay\u0131mlad\u0131\u011f\u0131 mesajda birlik, beraberlik ve dayan\u0131\u015fma vurgusu yaparak, m\u00fcbarek ay\u0131n Denizli\u2019ye, \u00fclkeye ve t\u00fcm \u0130slam \u00e2lemine sa\u011fl\u0131k, huzur ve bereket getirmesi temennisinde bulundu.<\/p>\n<p>Denizli Valisi Yavuz Selim K\u00f6\u015fger, Ramazan-\u0131 \u015eerif dolay\u0131s\u0131yla bir mesaj yay\u0131mlad\u0131. Vali K\u00f6\u015fger mesaj\u0131nda, Ramazan ay\u0131n\u0131n rahmet, ma\u011ffiret ve bereket ay\u0131 oldu\u011funu belirterek, birlik ve beraberlik duygular\u0131n\u0131n bu m\u00fcbarek ayda daha da g\u00fc\u00e7lendi\u011fini ifade etti. Vali K\u00f6\u015fger, mesaj\u0131nda \u015fu ifadelere yer verdi: &#8220;On bir ay\u0131n sultan\u0131 olarak g\u00f6n\u00fcllerimizde taht kuran, Aziz Milletimizin birlik ve beraberlik duygular\u0131n\u0131n peki\u015fti\u011fi rahmet, ma\u011ffiret ve bereket ay\u0131 olan Ramazan-\u0131 \u015eerif\u2019e bir kez daha kavu\u015fman\u0131n huzur ve mutlulu\u011funu ya\u015f\u0131yoruz. Ramazan ay\u0131; payla\u015fman\u0131n, dayan\u0131\u015fman\u0131n, sabr\u0131n ve g\u00f6n\u00fcl birli\u011finin en g\u00fczel \u015fekilde tecelli etti\u011fi m\u00fcstesna bir zaman dilimidir. Bu m\u00fcbarek ay, yard\u0131mla\u015fma ve karde\u015flik duygular\u0131m\u0131z\u0131 tahkim etmemize, ihtiya\u00e7 sahiplerine el uzatarak sosyal dayan\u0131\u015fmay\u0131 g\u00fc\u00e7lendirmemize, k\u0131rg\u0131nl\u0131klar\u0131 geride b\u0131rak\u0131p birlik ve beraberli\u011fimizi daha da peki\u015ftirmemize vesile olmaktad\u0131r. Toplumsal hayat\u0131m\u0131zda sevgi, sayg\u0131 ve ho\u015fg\u00f6r\u00fcn\u00fcn h\u00e2kim olmas\u0131; Ramazan ay\u0131n\u0131n ruhuna uygun bir anlay\u0131\u015f ve sorumluluk bilinciyle bu m\u00fcbarek g\u00fcnlerin en iyi \u015fekilde de\u011ferlendirilmesi en b\u00fcy\u00fck temennimizdir. Bu vesileyle; Ramazan-\u0131 \u015eerif\u2019in Denizli\u2019mize, \u00fclkemize ve t\u00fcm \u0130slam \u00e2lemine sa\u011fl\u0131k, huzur, bar\u0131\u015f ve esenlikler getirmesini; dualar\u0131m\u0131z\u0131n kabul olmas\u0131n\u0131 Y\u00fcce Allah\u2019tan niyaz ediyorum. T\u00fcm hem\u015fehrilerimin Ramazan-\u0131 \u015eerif\u2019ini en kalbi duygular\u0131mla tebrik ediyor, feyizli ve bereketli bir Ramazan idrak etmelerini temenni diliyorum.&#8221;<br \/><\/p>\n","protected":false},"excerpt":{"rendered":"<p>Denizli Valisi Yavuz Selim K\u00f6\u015fger, Ramazan-\u0131 \u015eerif dolay\u0131s\u0131yla yay\u0131mlad\u0131\u011f\u0131 mesajda birlik, beraberlik ve dayan\u0131\u015fma vurgusu yaparak, m\u00fcbarek ay\u0131n Denizli\u2019ye, \u00fclkeye ve t\u00fcm \u0130slam \u00e2lemine sa\u011fl\u0131k, huzur ve bereket getirmesi temennisinde bulundu. Denizli Valisi Yavuz Selim K\u00f6\u015fger, Ramazan-\u0131 \u015eerif dolay\u0131s\u0131yla bir mesaj yay\u0131mlad\u0131. Vali K\u00f6\u015fger mesaj\u0131nda, Ramazan ay\u0131n\u0131n rahmet, ma\u011ffiret ve bereket ay\u0131 oldu\u011funu belirterek, birlik&#8230;<\/p>\n","protected":false},"author":1,"featured_media":88719,"comment_status":"open","ping_status":"open","sticky":false,"template":"","format":"standard","meta":{"_crdt_document":"","footnotes":""},"categories":[123],"tags":[],"class_list":["post-88718","post","type-post","status-publish","format-standard","has-post-thumbnail","hentry","category-gundem"],"_links":{"self":[{"href":"https:\/\/www.egemtv.com\/index.php?rest_route=\/wp\/v2\/posts\/88718","targetHints":{"allow":["GET"]}}],"collection":[{"href":"https:\/\/www.egemtv.com\/index.php?rest_route=\/wp\/v2\/posts"}],"about":[{"href":"https:\/\/www.egemtv.com\/index.php?rest_route=\/wp\/v2\/types\/post"}],"author":[{"embeddable":true,"href":"https:\/\/www.egemtv.com\/index.php?rest_route=\/wp\/v2\/users\/1"}],"replies":[{"embeddable":true,"href":"https:\/\/www.egemtv.com\/index.php?rest_route=%2Fwp%2Fv2%2Fcomments&post=88718"}],"version-history":[{"count":1,"href":"https:\/\/www.egemtv.com\/index.php?rest_route=\/wp\/v2\/posts\/88718\/revisions"}],"predecessor-version":[{"id":88720,"href":"https:\/\/www.egemtv.com\/index.php?rest_route=\/wp\/v2\/posts\/88718\/revisions\/88720"}],"wp:featuredmedia":[{"embeddable":true,"href":"https:\/\/www.egemtv.com\/index.php?rest_route=\/wp\/v2\/media\/88719"}],"wp:attachment":[{"href":"https:\/\/www.egemtv.com\/index.php?rest_route=%2Fwp%2Fv2%2Fmedia&parent=88718"}],"wp:term":[{"taxonomy":"category","embeddable":true,"href":"https:\/\/www.egemtv.com\/index.php?rest_route=%2Fwp%2Fv2%2Fcategories&post=88718"},{"taxonomy":"post_tag","embeddable":true,"href":"https:\/\/www.egemtv.com\/index.php?rest_route=%2Fwp%2Fv2%2Ftags&post=88718"}],"curies":[{"name":"wp","href":"https:\/\/api.w.org\/{rel}","templated":true}]}}