{"id":88715,"date":"2026-02-18T12:54:49","date_gmt":"2026-02-18T09:54:49","guid":{"rendered":"https:\/\/www.egemtv.com\/?p=88715"},"modified":"2026-02-18T12:54:51","modified_gmt":"2026-02-18T09:54:51","slug":"denizlide-egitimde-firsat-esitligi-projesi-ile-5-bin-gence-ulasti","status":"publish","type":"post","link":"https:\/\/www.egemtv.com\/?p=88715","title":{"rendered":"Denizli\u2019de E\u011fitimde F\u0131rsat E\u015fitli\u011fi Projesi ile 5 bin gence ula\u015ft\u0131"},"content":{"rendered":"<p>Denizli B\u00fcy\u00fck\u015fehir Belediyesi, sosyal belediyecilik anlay\u0131\u015f\u0131 do\u011frultusunda hayata ge\u00e7irdi\u011fi &#8220;E\u011fitimde F\u0131rsat E\u015fitli\u011fi Projesi&#8221; ile kentin d\u00f6rt bir yan\u0131ndaki gen\u00e7lerin s\u0131nav haz\u0131rl\u0131k s\u00fcrecine g\u00fc\u00e7l\u00fc bir katk\u0131 sunuyor. LGS ve YKS\u2019ye haz\u0131rlanan 5 bin \u00f6\u011frenciye \u00fccretsiz dijital e\u011fitim platformu deste\u011fi sa\u011flan\u0131rken, proje hem akademik ba\u015far\u0131y\u0131 art\u0131rmay\u0131 hem de aile b\u00fct\u00e7esine destek olmay\u0131 hedefliyor.<\/p>\n<p>S\u0131nav s\u00fcrecindeki \u00f6\u011frencileri ve ailelerini yaln\u0131z b\u0131rakmayan Denizli B\u00fcy\u00fck\u015fehir Belediyesi, proje kapsam\u0131nda gen\u00e7lerin ihtiya\u00e7 duydu\u011fu nitelikli ders i\u00e7eriklerine ve \u00f6l\u00e7me-de\u011ferlendirme ara\u00e7lar\u0131na eri\u015fimini kolayla\u015ft\u0131rd\u0131. Dijital platform \u00fczerinden bug\u00fcne kadar 3 binin \u00fczerinde ders videosu izlenirken, 10 binden fazla soru \u00e7\u00f6z\u00fcm\u00fc ger\u00e7ekle\u015ftirildi. Proje sayesinde ailelere 5 bin TL\u2019ye varan maddi katk\u0131 sa\u011fland\u0131. S\u0131n\u0131rl\u0131 kontenjanla y\u00fcr\u00fct\u00fclen projede kay\u0131t s\u00fcreci devam ediyor. Nitelikli kaynaklara ve uzman e\u011fitmen kadrosuna dijital ortamda ula\u015fmak isteyen \u00f6\u011frenciler ve aileleri, 0258 280 26 68 ve 0258 280 25 88 numaral\u0131 telefonlardan detayl\u0131 bilgi alabiliyor.<\/p>\n<p>&#8220;Gen\u00e7lerimizin hayallerine ortak oluyoruz&#8221;<br \/>\n<br \/>Konuyla ilgili de\u011ferlendirmelerde bulunan Denizli B\u00fcy\u00fck\u015fehir Belediye Ba\u015fkan\u0131 B\u00fclent Nuri \u00c7avu\u015fo\u011flu, e\u011fitimin her zaman \u00f6ncelikli g\u00fcndem maddeleri oldu\u011funu vurgulayarak \u015fu ifadeleri kulland\u0131:<br \/>\n<br \/>&#8220;\u015eehrimizde hi\u00e7bir gencimizin imkans\u0131zl\u0131klar nedeniyle hayallerinden vazge\u00e7mesine g\u00f6nl\u00fcm\u00fcz raz\u0131 olmaz. Bu dijital platformla e\u011fitim i\u00e7eriklerini gen\u00e7lerimizin bilgisayar ve telefon ekranlar\u0131na ta\u015f\u0131d\u0131k. 5 bin gencimize ula\u015ft\u0131k ancak hedefimiz daha fazla \u00f6\u011frencimize eri\u015fmek. Gen\u00e7lerimiz hayallerine bir ad\u0131m daha yakla\u015f\u0131rken biz de her zaman yanlar\u0131nda olmaya devam edece\u011fiz.&#8221;<br \/><\/p>\n","protected":false},"excerpt":{"rendered":"<p>Denizli B\u00fcy\u00fck\u015fehir Belediyesi, sosyal belediyecilik anlay\u0131\u015f\u0131 do\u011frultusunda hayata ge\u00e7irdi\u011fi &#8220;E\u011fitimde F\u0131rsat E\u015fitli\u011fi Projesi&#8221; ile kentin d\u00f6rt bir yan\u0131ndaki gen\u00e7lerin s\u0131nav haz\u0131rl\u0131k s\u00fcrecine g\u00fc\u00e7l\u00fc bir katk\u0131 sunuyor. LGS ve YKS\u2019ye haz\u0131rlanan 5 bin \u00f6\u011frenciye \u00fccretsiz dijital e\u011fitim platformu deste\u011fi sa\u011flan\u0131rken, proje hem akademik ba\u015far\u0131y\u0131 art\u0131rmay\u0131 hem de aile b\u00fct\u00e7esine destek olmay\u0131 hedefliyor. S\u0131nav s\u00fcrecindeki \u00f6\u011frencileri ve&#8230;<\/p>\n","protected":false},"author":1,"featured_media":88716,"comment_status":"open","ping_status":"open","sticky":false,"template":"","format":"standard","meta":{"_crdt_document":"","footnotes":""},"categories":[1],"tags":[],"class_list":["post-88715","post","type-post","status-publish","format-standard","has-post-thumbnail","hentry","category-guncel"],"_links":{"self":[{"href":"https:\/\/www.egemtv.com\/index.php?rest_route=\/wp\/v2\/posts\/88715","targetHints":{"allow":["GET"]}}],"collection":[{"href":"https:\/\/www.egemtv.com\/index.php?rest_route=\/wp\/v2\/posts"}],"about":[{"href":"https:\/\/www.egemtv.com\/index.php?rest_route=\/wp\/v2\/types\/post"}],"author":[{"embeddable":true,"href":"https:\/\/www.egemtv.com\/index.php?rest_route=\/wp\/v2\/users\/1"}],"replies":[{"embeddable":true,"href":"https:\/\/www.egemtv.com\/index.php?rest_route=%2Fwp%2Fv2%2Fcomments&post=88715"}],"version-history":[{"count":1,"href":"https:\/\/www.egemtv.com\/index.php?rest_route=\/wp\/v2\/posts\/88715\/revisions"}],"predecessor-version":[{"id":88717,"href":"https:\/\/www.egemtv.com\/index.php?rest_route=\/wp\/v2\/posts\/88715\/revisions\/88717"}],"wp:featuredmedia":[{"embeddable":true,"href":"https:\/\/www.egemtv.com\/index.php?rest_route=\/wp\/v2\/media\/88716"}],"wp:attachment":[{"href":"https:\/\/www.egemtv.com\/index.php?rest_route=%2Fwp%2Fv2%2Fmedia&parent=88715"}],"wp:term":[{"taxonomy":"category","embeddable":true,"href":"https:\/\/www.egemtv.com\/index.php?rest_route=%2Fwp%2Fv2%2Fcategories&post=88715"},{"taxonomy":"post_tag","embeddable":true,"href":"https:\/\/www.egemtv.com\/index.php?rest_route=%2Fwp%2Fv2%2Ftags&post=88715"}],"curies":[{"name":"wp","href":"https:\/\/api.w.org\/{rel}","templated":true}]}}