{"id":88712,"date":"2026-02-18T12:54:48","date_gmt":"2026-02-18T09:54:48","guid":{"rendered":"https:\/\/www.egemtv.com\/?p=88712"},"modified":"2026-02-18T12:54:49","modified_gmt":"2026-02-18T09:54:49","slug":"denizli-buyuksehir-meclisinden-cok-yonlu-destek-paketi","status":"publish","type":"post","link":"https:\/\/www.egemtv.com\/?p=88712","title":{"rendered":"Denizli B\u00fcy\u00fck\u015fehir Meclisi\u2019nden \u00e7ok y\u00f6nl\u00fc destek paketi"},"content":{"rendered":"<p>Denizli B\u00fcy\u00fck\u015fehir Belediyesi Meclisi \u015eubat Ay\u0131 Ola\u011fan Toplant\u0131s\u0131\u2019n\u0131n ikinci oturumu, B\u00fcy\u00fck\u015fehir Belediye Ba\u015fkan\u0131 B\u00fclent Nuri \u00c7avu\u015fo\u011flu\u2019nun ba\u015fkanl\u0131\u011f\u0131nda ger\u00e7ekle\u015ftirildi. Toplant\u0131da sosyal desteklerden e\u011fitime, tar\u0131mdan afet haz\u0131rl\u0131klar\u0131na kadar bir\u00e7ok alanda Denizli halk\u0131n\u0131 do\u011frudan ilgilendiren \u00f6nemli kararlar oy birli\u011fiyle kabul edildi.<\/p>\n<p>Mecliste al\u0131nan kararlara g\u00f6re, ihtiya\u00e7 sahibi emekli yurtta\u015flara Ramazan ay\u0131nda tek seferlik 5 bin TL destek verilecek. Ayr\u0131ca hane yard\u0131m\u0131 almaya uygun g\u00f6r\u00fclen Horozkart sahibi vatanda\u015flara 2026 Ramazan Bayram\u0131 dolay\u0131s\u0131yla 2 bin 500 TL bayram ikramiyesi sa\u011flanacak. E\u011fitimde f\u0131rsat e\u015fitli\u011fini g\u00fc\u00e7lendirmeyi hedefleyen Denizli B\u00fcy\u00fck\u015fehir Belediyesi, lise ve dengi okullar\u0131n son s\u0131n\u0131flar\u0131nda \u00f6\u011frenim g\u00f6ren dar gelirli \u00f6\u011frencilerin, \u00d6l\u00e7me, Se\u00e7me ve Yerle\u015ftirme Merkezi taraf\u0131ndan 2026 y\u0131l\u0131nda ger\u00e7ekle\u015ftirilecek Y\u00fcksek\u00f6\u011fretim Kurumlar\u0131 S\u0131nav\u0131 (YKS) ba\u015fvuru \u00fccretlerini kar\u015f\u0131layacak.<\/p>\n<p>Tar\u0131ma destek geni\u015fliyor<br \/>\n<br \/>Tar\u0131msal \u00fcretimin g\u00fc\u00e7lendirilmesi amac\u0131yla \u00c7ivril ve \u00c7ardak il\u00e7elerinde belirlenen mahallelerde mera \u0131slah\u0131 kapsam\u0131nda g\u00fcbreleme \u00e7al\u0131\u015fmalar\u0131 yap\u0131lacak. \u00d6te yandan \u00c7al, Bekilli, Baklan ve G\u00fcney il\u00e7elerinde yeni ba\u011f tesisi kuracak \u00fcreticilere 41B Amerikan asma anac\u0131 deste\u011fi verilecek.<\/p>\n<p>\u00c7\u00f6lyak hastalar\u0131na temel ihtiya\u00e7 paketi<br \/>\n<br \/>Sa\u011fl\u0131k alan\u0131nda al\u0131nan karar do\u011frultusunda, \u00e7\u00f6lyak hastalar\u0131na temini zor ve maliyeti y\u00fcksek glutensiz \u00fcr\u00fcnlerden olu\u015fan temel ihtiya\u00e7 paketi deste\u011fi sa\u011flanacak.<br \/>\n<br \/>Karde\u015f \u015fehirle ortak hizmet protokol\u00fc<br \/>\n<br \/>Mecliste ayr\u0131ca 6 \u015eubat depremlerinde zarar g\u00f6ren Malatya Do\u011fan\u015fehir Belediyesi ile Do\u011fan\u015fehir\u2019de cami yap\u0131m\u0131 i\u00e7in ortak hizmet protokol\u00fc imzalanmas\u0131 kararla\u015ft\u0131r\u0131ld\u0131. Yine mecliste al\u0131nan kararlar kapsam\u0131nda herhangi bir afet ve acil durumlarda h\u0131zl\u0131 ve etkin m\u00fcdahale sa\u011flanabilmesi amac\u0131yla belediye envanterine bir adet mobil komuta arac\u0131 kazand\u0131r\u0131lacak. Bunun yan\u0131 s\u0131ra belediye hizmetlerinde kullan\u0131lmak \u00fczere \u00e7e\u015fitli i\u015f makinelerinin ara\u00e7 filosuna dahil edilmesi de oy birli\u011fiyle kabul edildi.<br \/>\n<br \/>Uluslararas\u0131 turnuva ve Avrupa a\u011f\u0131 \u00fcyeli\u011fi<br \/>\n<br \/>Spor ve tan\u0131t\u0131m faaliyetleri kapsam\u0131nda T\u00fcrkiye Satran\u00e7 Federasyonu i\u015f birli\u011fiyle &#8220;2. Uluslararas\u0131 Pamukkale A\u00e7\u0131k Satran\u00e7 Turnuvas\u0131&#8221; d\u00fczenlenecek. Ayr\u0131ca kentin uluslararas\u0131 g\u00f6r\u00fcn\u00fcrl\u00fc\u011f\u00fcn\u00fc art\u0131rmak amac\u0131yla Avrupa \u015eehir A\u011f\u0131\u2019na (European City Network)\u2019e \u00fcyelik karar\u0131 al\u0131nd\u0131. Ba\u015fkan B\u00fclent Nuri \u00c7avu\u015fo\u011flu, sosyal belediyecilik anlay\u0131\u015f\u0131 do\u011frultusunda Denizli\u2019nin her alanda daha g\u00fc\u00e7l\u00fc, daha dayan\u0131kl\u0131 ve daha \u00fcretken bir \u015fehir olmas\u0131 i\u00e7in \u00e7al\u0131\u015fmalar\u0131n kararl\u0131l\u0131kla s\u00fcrd\u00fcr\u00fclece\u011fini belirterek, al\u0131nan kararlara destek veren t\u00fcm meclis \u00fcyelerine te\u015fekk\u00fcr etti.<br \/><\/p>\n","protected":false},"excerpt":{"rendered":"<p>Denizli B\u00fcy\u00fck\u015fehir Belediyesi Meclisi \u015eubat Ay\u0131 Ola\u011fan Toplant\u0131s\u0131\u2019n\u0131n ikinci oturumu, B\u00fcy\u00fck\u015fehir Belediye Ba\u015fkan\u0131 B\u00fclent Nuri \u00c7avu\u015fo\u011flu\u2019nun ba\u015fkanl\u0131\u011f\u0131nda ger\u00e7ekle\u015ftirildi. Toplant\u0131da sosyal desteklerden e\u011fitime, tar\u0131mdan afet haz\u0131rl\u0131klar\u0131na kadar bir\u00e7ok alanda Denizli halk\u0131n\u0131 do\u011frudan ilgilendiren \u00f6nemli kararlar oy birli\u011fiyle kabul edildi. Mecliste al\u0131nan kararlara g\u00f6re, ihtiya\u00e7 sahibi emekli yurtta\u015flara Ramazan ay\u0131nda tek seferlik 5 bin TL destek verilecek&#8230;.<\/p>\n","protected":false},"author":1,"featured_media":88713,"comment_status":"open","ping_status":"open","sticky":false,"template":"","format":"standard","meta":{"_crdt_document":"","footnotes":""},"categories":[127],"tags":[],"class_list":["post-88712","post","type-post","status-publish","format-standard","has-post-thumbnail","hentry","category-siyaset"],"_links":{"self":[{"href":"https:\/\/www.egemtv.com\/index.php?rest_route=\/wp\/v2\/posts\/88712","targetHints":{"allow":["GET"]}}],"collection":[{"href":"https:\/\/www.egemtv.com\/index.php?rest_route=\/wp\/v2\/posts"}],"about":[{"href":"https:\/\/www.egemtv.com\/index.php?rest_route=\/wp\/v2\/types\/post"}],"author":[{"embeddable":true,"href":"https:\/\/www.egemtv.com\/index.php?rest_route=\/wp\/v2\/users\/1"}],"replies":[{"embeddable":true,"href":"https:\/\/www.egemtv.com\/index.php?rest_route=%2Fwp%2Fv2%2Fcomments&post=88712"}],"version-history":[{"count":1,"href":"https:\/\/www.egemtv.com\/index.php?rest_route=\/wp\/v2\/posts\/88712\/revisions"}],"predecessor-version":[{"id":88714,"href":"https:\/\/www.egemtv.com\/index.php?rest_route=\/wp\/v2\/posts\/88712\/revisions\/88714"}],"wp:featuredmedia":[{"embeddable":true,"href":"https:\/\/www.egemtv.com\/index.php?rest_route=\/wp\/v2\/media\/88713"}],"wp:attachment":[{"href":"https:\/\/www.egemtv.com\/index.php?rest_route=%2Fwp%2Fv2%2Fmedia&parent=88712"}],"wp:term":[{"taxonomy":"category","embeddable":true,"href":"https:\/\/www.egemtv.com\/index.php?rest_route=%2Fwp%2Fv2%2Fcategories&post=88712"},{"taxonomy":"post_tag","embeddable":true,"href":"https:\/\/www.egemtv.com\/index.php?rest_route=%2Fwp%2Fv2%2Ftags&post=88712"}],"curies":[{"name":"wp","href":"https:\/\/api.w.org\/{rel}","templated":true}]}}