{"id":88703,"date":"2026-02-18T11:54:50","date_gmt":"2026-02-18T08:54:50","guid":{"rendered":"https:\/\/www.egemtv.com\/?p=88703"},"modified":"2026-02-18T11:54:50","modified_gmt":"2026-02-18T08:54:50","slug":"emette-15-umreci-dualarla-ugurlandi","status":"publish","type":"post","link":"https:\/\/www.egemtv.com\/?p=88703","title":{"rendered":"Emet\u2019te 15 umreci dualarla u\u011furland\u0131"},"content":{"rendered":"<p>Diyanet \u0130\u015fleri Ba\u015fkanl\u0131\u011f\u0131 organizasyonu ile kutsal topraklara gidecek 15 umreci i\u00e7in Emet il\u00e7esinde u\u011furlama program\u0131 d\u00fczenlendi.<br \/>\n<br \/>Merkez \u00c7avu\u015fo\u011flu Camii\u2019nde ger\u00e7ekle\u015ftirilen programa vatanda\u015flar yo\u011fun kat\u0131l\u0131m g\u00f6sterdi. Program, Hidayet Avc\u0131 nezaretinde kutsal yolculu\u011fa \u00e7\u0131kacak umreciler i\u00e7in yap\u0131lan dualarla ba\u015flad\u0131. Yats\u0131 namaz\u0131n\u0131n ard\u0131ndan umrecilerle helalle\u015fmede duygu dolu anlar ya\u015fand\u0131.<br \/>\n<br \/>Programda konu\u015fan \u0130l\u00e7e M\u00fcft\u00fcs\u00fc \u0130smail \u00c7\u0131nar, umrenin manevi \u00f6nemine de\u011finerek umrecilere hay\u0131rl\u0131 ve bereketli bir yolculuk temennisinde bulundu. M\u00fcft\u00fc \u00c7\u0131nar\u2019\u0131n yapt\u0131\u011f\u0131 dua ile u\u011furlama program\u0131 sona erdi.<br \/>\n<br \/>Umreciler, yak\u0131nlar\u0131n\u0131n ve cemaatin dualar\u0131 e\u015fli\u011finde kutsal yolculuklar\u0131na u\u011furland\u0131.<br \/><\/p>\n","protected":false},"excerpt":{"rendered":"<p>Diyanet \u0130\u015fleri Ba\u015fkanl\u0131\u011f\u0131 organizasyonu ile kutsal topraklara gidecek 15 umreci i\u00e7in Emet il\u00e7esinde u\u011furlama program\u0131 d\u00fczenlendi. Merkez \u00c7avu\u015fo\u011flu Camii\u2019nde ger\u00e7ekle\u015ftirilen programa vatanda\u015flar yo\u011fun kat\u0131l\u0131m g\u00f6sterdi. Program, Hidayet Avc\u0131 nezaretinde kutsal yolculu\u011fa \u00e7\u0131kacak umreciler i\u00e7in yap\u0131lan dualarla ba\u015flad\u0131. Yats\u0131 namaz\u0131n\u0131n ard\u0131ndan umrecilerle helalle\u015fmede duygu dolu anlar ya\u015fand\u0131. Programda konu\u015fan \u0130l\u00e7e M\u00fcft\u00fcs\u00fc \u0130smail \u00c7\u0131nar, umrenin manevi \u00f6nemine&#8230;<\/p>\n","protected":false},"author":1,"featured_media":88704,"comment_status":"open","ping_status":"open","sticky":false,"template":"","format":"standard","meta":{"_crdt_document":"","footnotes":""},"categories":[123],"tags":[],"class_list":["post-88703","post","type-post","status-publish","format-standard","has-post-thumbnail","hentry","category-gundem"],"_links":{"self":[{"href":"https:\/\/www.egemtv.com\/index.php?rest_route=\/wp\/v2\/posts\/88703","targetHints":{"allow":["GET"]}}],"collection":[{"href":"https:\/\/www.egemtv.com\/index.php?rest_route=\/wp\/v2\/posts"}],"about":[{"href":"https:\/\/www.egemtv.com\/index.php?rest_route=\/wp\/v2\/types\/post"}],"author":[{"embeddable":true,"href":"https:\/\/www.egemtv.com\/index.php?rest_route=\/wp\/v2\/users\/1"}],"replies":[{"embeddable":true,"href":"https:\/\/www.egemtv.com\/index.php?rest_route=%2Fwp%2Fv2%2Fcomments&post=88703"}],"version-history":[{"count":1,"href":"https:\/\/www.egemtv.com\/index.php?rest_route=\/wp\/v2\/posts\/88703\/revisions"}],"predecessor-version":[{"id":88705,"href":"https:\/\/www.egemtv.com\/index.php?rest_route=\/wp\/v2\/posts\/88703\/revisions\/88705"}],"wp:featuredmedia":[{"embeddable":true,"href":"https:\/\/www.egemtv.com\/index.php?rest_route=\/wp\/v2\/media\/88704"}],"wp:attachment":[{"href":"https:\/\/www.egemtv.com\/index.php?rest_route=%2Fwp%2Fv2%2Fmedia&parent=88703"}],"wp:term":[{"taxonomy":"category","embeddable":true,"href":"https:\/\/www.egemtv.com\/index.php?rest_route=%2Fwp%2Fv2%2Fcategories&post=88703"},{"taxonomy":"post_tag","embeddable":true,"href":"https:\/\/www.egemtv.com\/index.php?rest_route=%2Fwp%2Fv2%2Ftags&post=88703"}],"curies":[{"name":"wp","href":"https:\/\/api.w.org\/{rel}","templated":true}]}}