{"id":88700,"date":"2026-02-18T10:54:48","date_gmt":"2026-02-18T07:54:48","guid":{"rendered":"https:\/\/www.egemtv.com\/?p=88700"},"modified":"2026-02-18T10:54:49","modified_gmt":"2026-02-18T07:54:49","slug":"muglada-kontrolden-cikan-kamyonet-takla-atti1-yarali","status":"publish","type":"post","link":"https:\/\/www.egemtv.com\/?p=88700","title":{"rendered":"Mu\u011fla\u2019da kontrolden \u00e7\u0131kan kamyonet takla att\u0131:1 yaral\u0131"},"content":{"rendered":"<p>Mu\u011fla\u2019n\u0131n Mente\u015fe il\u00e7esinde s\u00fcr\u00fcc\u00fcs\u00fcn\u00fcn direksiyon hakimiyetini kaybetti\u011fi kamyonetin devrilmesi sonucu meydana gelen trafik kazas\u0131nda bir ki\u015fi hafif yaraland\u0131.<\/p>\n<p>Kaza, Mu\u011fla &#8211; Antalya karayolu Devrant mevkiinde meydana geldi. Edinilen bilgiye g\u00f6re, seyir halindeki 48 ACL 690 plakal\u0131 kamyonet, s\u00fcr\u00fcc\u00fcs\u00fcn\u00fcn hen\u00fcz belirlenemeyen bir nedenle direksiyon hakimiyetini kaybetmesi sonucu kontrolden \u00e7\u0131kt\u0131. Savrulan ara\u00e7, yol kenar\u0131na takla atarak durabildi. Kazay\u0131 g\u00f6ren di\u011fer s\u00fcr\u00fcc\u00fclerin durumu 112 Acil \u00c7a\u011fr\u0131 Merkezi\u2019ne bildirmesi \u00fczerine, olay yerine h\u0131zla polis ve sa\u011fl\u0131k ekipleri sevk edildi. B\u00f6lgeye ula\u015fan sa\u011fl\u0131k ekipleri, ara\u00e7tan \u00e7\u0131kar\u0131lan yaral\u0131 s\u00fcr\u00fcc\u00fcye ilk m\u00fcdahaleyi olay yerinde ger\u00e7ekle\u015ftirdi. Ambulansla hastaneye kald\u0131r\u0131larak tedavi alt\u0131na al\u0131nan yaral\u0131n\u0131n sa\u011fl\u0131k durumunun iyi oldu\u011fu ve hayati tehlikesinin bulunmad\u0131\u011f\u0131 \u00f6\u011frenildi.<\/p>\n<p>Kaza nedeniyle b\u00f6lgede trafik bir s\u00fcre kontroll\u00fc olarak sa\u011flan\u0131rken, polis ekipleri kazayla ilgili inceleme ba\u015flatt\u0131.<br \/><\/p>\n","protected":false},"excerpt":{"rendered":"<p>Mu\u011fla\u2019n\u0131n Mente\u015fe il\u00e7esinde s\u00fcr\u00fcc\u00fcs\u00fcn\u00fcn direksiyon hakimiyetini kaybetti\u011fi kamyonetin devrilmesi sonucu meydana gelen trafik kazas\u0131nda bir ki\u015fi hafif yaraland\u0131. Kaza, Mu\u011fla &#8211; Antalya karayolu Devrant mevkiinde meydana geldi. Edinilen bilgiye g\u00f6re, seyir halindeki 48 ACL 690 plakal\u0131 kamyonet, s\u00fcr\u00fcc\u00fcs\u00fcn\u00fcn hen\u00fcz belirlenemeyen bir nedenle direksiyon hakimiyetini kaybetmesi sonucu kontrolden \u00e7\u0131kt\u0131. Savrulan ara\u00e7, yol kenar\u0131na takla atarak durabildi&#8230;.<\/p>\n","protected":false},"author":1,"featured_media":88701,"comment_status":"open","ping_status":"open","sticky":false,"template":"","format":"standard","meta":{"_crdt_document":"","footnotes":""},"categories":[5],"tags":[],"class_list":["post-88700","post","type-post","status-publish","format-standard","has-post-thumbnail","hentry","category-asayis"],"_links":{"self":[{"href":"https:\/\/www.egemtv.com\/index.php?rest_route=\/wp\/v2\/posts\/88700","targetHints":{"allow":["GET"]}}],"collection":[{"href":"https:\/\/www.egemtv.com\/index.php?rest_route=\/wp\/v2\/posts"}],"about":[{"href":"https:\/\/www.egemtv.com\/index.php?rest_route=\/wp\/v2\/types\/post"}],"author":[{"embeddable":true,"href":"https:\/\/www.egemtv.com\/index.php?rest_route=\/wp\/v2\/users\/1"}],"replies":[{"embeddable":true,"href":"https:\/\/www.egemtv.com\/index.php?rest_route=%2Fwp%2Fv2%2Fcomments&post=88700"}],"version-history":[{"count":1,"href":"https:\/\/www.egemtv.com\/index.php?rest_route=\/wp\/v2\/posts\/88700\/revisions"}],"predecessor-version":[{"id":88702,"href":"https:\/\/www.egemtv.com\/index.php?rest_route=\/wp\/v2\/posts\/88700\/revisions\/88702"}],"wp:featuredmedia":[{"embeddable":true,"href":"https:\/\/www.egemtv.com\/index.php?rest_route=\/wp\/v2\/media\/88701"}],"wp:attachment":[{"href":"https:\/\/www.egemtv.com\/index.php?rest_route=%2Fwp%2Fv2%2Fmedia&parent=88700"}],"wp:term":[{"taxonomy":"category","embeddable":true,"href":"https:\/\/www.egemtv.com\/index.php?rest_route=%2Fwp%2Fv2%2Fcategories&post=88700"},{"taxonomy":"post_tag","embeddable":true,"href":"https:\/\/www.egemtv.com\/index.php?rest_route=%2Fwp%2Fv2%2Ftags&post=88700"}],"curies":[{"name":"wp","href":"https:\/\/api.w.org\/{rel}","templated":true}]}}