{"id":88697,"date":"2026-02-18T10:35:50","date_gmt":"2026-02-18T07:35:50","guid":{"rendered":"https:\/\/www.egemtv.com\/?p=88697"},"modified":"2026-02-18T10:35:51","modified_gmt":"2026-02-18T07:35:51","slug":"halk-asiklarindan-menemende-kultur-ziyafeti","status":"publish","type":"post","link":"https:\/\/www.egemtv.com\/?p=88697","title":{"rendered":"Halk a\u015f\u0131klar\u0131ndan Menemen\u2019de k\u00fclt\u00fcr ziyafeti"},"content":{"rendered":"<p>Menemen Belediyesi, Anadolu\u2019da T\u00fcrk k\u00fclt\u00fcr\u00fcn\u00fcn en kadim geleneklerinden olan a\u015f\u0131kl\u0131k gelene\u011finin muhte\u015fem gecesine ev sahipli\u011fi yapt\u0131. 12 a\u015f\u0131k ve ozan, saz\u0131n ve s\u00f6z\u00fcn en g\u00fczel eserlerini seslendirdi.<br \/>\n<br \/>Menemen Belediyesi K\u00fclt\u00fcr Merkezi\u2019nde tam 12 a\u015f\u0131k ve ozan\u0131n kat\u0131l\u0131m\u0131yla A\u015f\u0131klar Gecesi ger\u00e7ekle\u015ftirildi. Geceye Menemen Belediye Ba\u015fkan\u0131 Ayd\u0131n Pehlivan ile birlikte MHP \u0130zmir \u0130l Ba\u015fkan\u0131 Veysel \u015eahin, Menemen Kaymakam\u0131 Vedat Y\u0131lmaz, AK Parti Menemen \u0130l\u00e7e Ba\u015fkan\u0131 Hakk\u0131 Durmaz, MHP Menemen \u0130l\u00e7e Ba\u015fkan\u0131 Barbaros \u00c7al\u0131\u015f\u00e7\u0131, kamu kurum ve kurulu\u015flar\u0131 ile STK ba\u015fkan ve y\u00f6neticileri ve \u00e7ok say\u0131da Menemenli kat\u0131ld\u0131.<\/p>\n<p>12 a\u015f\u0131k sahnede<br \/>\n<br \/>A\u015f\u0131k Mehmet Divano\u011flu, A\u015f\u0131k Ali R\u0131za Ezgi, A\u015f\u0131k Celal Bulut, A\u015f\u0131k \u0130skender Y\u0131ld\u0131r\u0131m, A\u015f\u0131k Nevruz Ali \u00c7i\u00e7ek, A\u015f\u0131k Bedri Sinan, A\u015f\u0131k Kenan \u0130nkayal\u0131, A\u015f\u0131k Adem Demir, A\u015f\u0131k Sefa Turano\u011flu, Ozan Ba\u015fak Kalyon, A\u015f\u0131k G\u00fcng\u00f6r Kaptan ve A\u015f\u0131k Ahmet Aras sahne ald\u0131\u011f\u0131 gecede seslendirilen eserler, izleyicilerden b\u00fcy\u00fck alk\u0131\u015f ald\u0131.<\/p>\n<p>&#8220;Bu gelene\u011fi devam ettirece\u011fiz&#8221;<br \/>\n<br \/>MHP \u0130zmir \u0130l Ba\u015fkan\u0131 Veysel \u015eahin, &#8220;Gelenek ve g\u00f6reneklerimiz ne yaz\u0131k ki unutuluyor. Benim \u00e7ocuklu\u011fumda televizyonda tek kanal vard\u0131. Onda da Murat \u00c7obano\u011flu\u2019nu, A\u015f\u0131k Reyhani\u2019yi, A\u015f\u0131k Veysel\u2019i, d\u00f6nemin a\u015f\u0131klar\u0131n\u0131 dinleyerek b\u00fcy\u00fcd\u00fck. Radyoda ve televizyonda \u00e7ok s\u0131k \u00e7\u0131karlard\u0131. Bu gelene\u011fin de unutuluyor oldu\u011funu d\u00fc\u015f\u00fcn\u00fcyorum. Ayd\u0131n Ba\u015fkan\u2019a b\u00f6yle bir program yapaca\u011f\u0131m\u0131z\u0131 s\u00f6yledik. Yapar m\u0131y\u0131z? &#8220;Hay hay&#8221; dedi. Allah kendisinden bin kere raz\u0131 olsun. Huzurlar\u0131n\u0131zda te\u015fekk\u00fcr ediyorum. Bu gelene\u011fi devam ettirece\u011fiz.&#8221; dedi.<\/p>\n<p>&#8220;K\u00f6kleriyle ba\u011f\u0131n\u0131 koparan toplumlar ayakta kalamaz&#8221;<br \/>\n<br \/>Saz\u0131n ve s\u00f6z\u00fcn bir arada en g\u00fczel \u00f6rneklerinin yank\u0131land\u0131\u011f\u0131 gecede konu\u015fan Menemen Belediye Ba\u015fkan\u0131 Ayd\u0131n Pehlivan, &#8220;Bug\u00fcn burada yaln\u0131zca bir k\u00fclt\u00fcr etkinli\u011finde de\u011fil, hep birlikte milletimizin as\u0131rlara yay\u0131lan s\u00f6z gelene\u011finin huzurunday\u0131z. Bizim medeniyetimizde s\u00f6z; s\u0131radan bir ifade arac\u0131 de\u011fildir. S\u00f6z, ahlakt\u0131r. S\u00f6z, haf\u0131zad\u0131r. S\u00f6z, gerekti\u011finde vicdand\u0131r. Anadolu\u2019nun ba\u011fr\u0131ndan \u00e7\u0131kan ozanlar\u0131m\u0131z, y\u00fczy\u0131llar boyunca bu milletin duygusunu, derdini, sevincini dile getirmi\u015ftir. Menemen Belediyesi olarak biz, yaln\u0131zca fiziki yat\u0131r\u0131mlarla de\u011fil; k\u00fclt\u00fcrel de\u011ferlerimizle de g\u00fc\u00e7l\u00fc bir \u015fehir in\u015fa etmenin gayretindeyiz. \u00c7\u00fcnk\u00fc biliyoruz ki, k\u00fclt\u00fcr\u00fcn\u00fc ya\u015fatmayan \u015fehirler b\u00fcy\u00fcyemez. K\u00f6kleriyle ba\u011f\u0131n\u0131 koparan toplumlar ayakta kalamaz. Bu manada bu anlaml\u0131 organizasyonu yapmam\u0131za vesile olan K\u0131ymetli Ba\u015fkan\u0131m Veysel \u015eahin ve geceye saz\u0131yla s\u00f6z\u00fcyle renk katan \u0130zmir Halk A\u015f\u0131klar\u0131 Derne\u011fi\u2019ne te\u015fekk\u00fcr ediyorum. Emek veren t\u00fcm sanat\u00e7\u0131lar\u0131m\u0131za \u015f\u00fckranlar\u0131m\u0131 sunuyorum.&#8221; dedi.<br \/><\/p>\n","protected":false},"excerpt":{"rendered":"<p>Menemen Belediyesi, Anadolu\u2019da T\u00fcrk k\u00fclt\u00fcr\u00fcn\u00fcn en kadim geleneklerinden olan a\u015f\u0131kl\u0131k gelene\u011finin muhte\u015fem gecesine ev sahipli\u011fi yapt\u0131. 12 a\u015f\u0131k ve ozan, saz\u0131n ve s\u00f6z\u00fcn en g\u00fczel eserlerini seslendirdi. Menemen Belediyesi K\u00fclt\u00fcr Merkezi\u2019nde tam 12 a\u015f\u0131k ve ozan\u0131n kat\u0131l\u0131m\u0131yla A\u015f\u0131klar Gecesi ger\u00e7ekle\u015ftirildi. Geceye Menemen Belediye Ba\u015fkan\u0131 Ayd\u0131n Pehlivan ile birlikte MHP \u0130zmir \u0130l Ba\u015fkan\u0131 Veysel \u015eahin, Menemen&#8230;<\/p>\n","protected":false},"author":1,"featured_media":88698,"comment_status":"open","ping_status":"open","sticky":false,"template":"","format":"standard","meta":{"_crdt_document":"","footnotes":""},"categories":[1],"tags":[],"class_list":["post-88697","post","type-post","status-publish","format-standard","has-post-thumbnail","hentry","category-guncel"],"_links":{"self":[{"href":"https:\/\/www.egemtv.com\/index.php?rest_route=\/wp\/v2\/posts\/88697","targetHints":{"allow":["GET"]}}],"collection":[{"href":"https:\/\/www.egemtv.com\/index.php?rest_route=\/wp\/v2\/posts"}],"about":[{"href":"https:\/\/www.egemtv.com\/index.php?rest_route=\/wp\/v2\/types\/post"}],"author":[{"embeddable":true,"href":"https:\/\/www.egemtv.com\/index.php?rest_route=\/wp\/v2\/users\/1"}],"replies":[{"embeddable":true,"href":"https:\/\/www.egemtv.com\/index.php?rest_route=%2Fwp%2Fv2%2Fcomments&post=88697"}],"version-history":[{"count":1,"href":"https:\/\/www.egemtv.com\/index.php?rest_route=\/wp\/v2\/posts\/88697\/revisions"}],"predecessor-version":[{"id":88699,"href":"https:\/\/www.egemtv.com\/index.php?rest_route=\/wp\/v2\/posts\/88697\/revisions\/88699"}],"wp:featuredmedia":[{"embeddable":true,"href":"https:\/\/www.egemtv.com\/index.php?rest_route=\/wp\/v2\/media\/88698"}],"wp:attachment":[{"href":"https:\/\/www.egemtv.com\/index.php?rest_route=%2Fwp%2Fv2%2Fmedia&parent=88697"}],"wp:term":[{"taxonomy":"category","embeddable":true,"href":"https:\/\/www.egemtv.com\/index.php?rest_route=%2Fwp%2Fv2%2Fcategories&post=88697"},{"taxonomy":"post_tag","embeddable":true,"href":"https:\/\/www.egemtv.com\/index.php?rest_route=%2Fwp%2Fv2%2Ftags&post=88697"}],"curies":[{"name":"wp","href":"https:\/\/api.w.org\/{rel}","templated":true}]}}