{"id":88694,"date":"2026-02-18T10:35:49","date_gmt":"2026-02-18T07:35:49","guid":{"rendered":"https:\/\/www.egemtv.com\/?p=88694"},"modified":"2026-02-18T10:35:50","modified_gmt":"2026-02-18T07:35:50","slug":"bucaspor-1928-ozcan-serti-acikladi","status":"publish","type":"post","link":"https:\/\/www.egemtv.com\/?p=88694","title":{"rendered":"Bucaspor 1928, \u00d6zcan Sert\u2019i a\u00e7\u0131klad\u0131"},"content":{"rendered":"<p>Bucaspor 1928, teknik direkt\u00f6rl\u00fck g\u00f6revine 34 ya\u015f\u0131ndaki \u00e7al\u0131\u015ft\u0131r\u0131c\u0131 \u00d6zcan Sert\u2019in getirildi\u011fini a\u00e7\u0131klad\u0131.<br \/>\n<br \/>TFF 2. Lig Beyaz Grup\u2019ta d\u00fc\u015fmeme m\u00fccadelesi veren Bucaspor 1928, sezona Evrensel Heper y\u00f6netiminde ba\u015flad\u0131. Ancak bu s\u00fcre\u00e7te istenilen sonu\u00e7lar\u0131n al\u0131namamas\u0131 \u00fczerine Heper ile yollar ayr\u0131ld\u0131. Sar\u0131-lacivertli ekip daha sonra tak\u0131m\u0131 Tolga Do\u011fantez\u2019e emanet etti. Do\u011fantez d\u00f6neminde de arzu edilen tablo ortaya \u00e7\u0131kmay\u0131nca \u0130zmir temsilcisi bir kez daha teknik direkt\u00f6r de\u011fi\u015fikli\u011fine gitti ve deneyimli \u00e7al\u0131\u015ft\u0131r\u0131c\u0131yla vedala\u015ft\u0131. Teknik direkt\u00f6rl\u00fck koltu\u011fu bo\u015falan Bucaspor 1928, bu kez de 34 ya\u015f\u0131ndaki gen\u00e7 \u00e7al\u0131\u015ft\u0131r\u0131c\u0131 \u00d6zcan Sert ile anla\u015fmaya vard\u0131. Konuyla ilgili kul\u00fcpten yap\u0131lan a\u00e7\u0131klamada, &#8220;Kul\u00fcb\u00fcm\u00fcz ba\u015far\u0131l\u0131 teknik adam \u00d6zcan Sert ile teknik sorumluluk g\u00f6revi i\u00e7in 1.5 y\u0131ll\u0131k s\u00f6zle\u015fme imzalam\u0131\u015ft\u0131r. Yeni teknik sorumlumuzun, kul\u00fcb\u00fcm\u00fcz\u00fcn \u00e7at\u0131s\u0131 alt\u0131nda nice ba\u015far\u0131lara imza atmas\u0131n\u0131 temenni ederiz&#8221; denildi.<br \/><\/p>\n","protected":false},"excerpt":{"rendered":"<p>Bucaspor 1928, teknik direkt\u00f6rl\u00fck g\u00f6revine 34 ya\u015f\u0131ndaki \u00e7al\u0131\u015ft\u0131r\u0131c\u0131 \u00d6zcan Sert\u2019in getirildi\u011fini a\u00e7\u0131klad\u0131. TFF 2. Lig Beyaz Grup\u2019ta d\u00fc\u015fmeme m\u00fccadelesi veren Bucaspor 1928, sezona Evrensel Heper y\u00f6netiminde ba\u015flad\u0131. Ancak bu s\u00fcre\u00e7te istenilen sonu\u00e7lar\u0131n al\u0131namamas\u0131 \u00fczerine Heper ile yollar ayr\u0131ld\u0131. Sar\u0131-lacivertli ekip daha sonra tak\u0131m\u0131 Tolga Do\u011fantez\u2019e emanet etti. Do\u011fantez d\u00f6neminde de arzu edilen tablo ortaya \u00e7\u0131kmay\u0131nca&#8230;<\/p>\n","protected":false},"author":1,"featured_media":88695,"comment_status":"open","ping_status":"open","sticky":false,"template":"","format":"standard","meta":{"_crdt_document":"","footnotes":""},"categories":[4],"tags":[],"class_list":["post-88694","post","type-post","status-publish","format-standard","has-post-thumbnail","hentry","category-spor"],"_links":{"self":[{"href":"https:\/\/www.egemtv.com\/index.php?rest_route=\/wp\/v2\/posts\/88694","targetHints":{"allow":["GET"]}}],"collection":[{"href":"https:\/\/www.egemtv.com\/index.php?rest_route=\/wp\/v2\/posts"}],"about":[{"href":"https:\/\/www.egemtv.com\/index.php?rest_route=\/wp\/v2\/types\/post"}],"author":[{"embeddable":true,"href":"https:\/\/www.egemtv.com\/index.php?rest_route=\/wp\/v2\/users\/1"}],"replies":[{"embeddable":true,"href":"https:\/\/www.egemtv.com\/index.php?rest_route=%2Fwp%2Fv2%2Fcomments&post=88694"}],"version-history":[{"count":1,"href":"https:\/\/www.egemtv.com\/index.php?rest_route=\/wp\/v2\/posts\/88694\/revisions"}],"predecessor-version":[{"id":88696,"href":"https:\/\/www.egemtv.com\/index.php?rest_route=\/wp\/v2\/posts\/88694\/revisions\/88696"}],"wp:featuredmedia":[{"embeddable":true,"href":"https:\/\/www.egemtv.com\/index.php?rest_route=\/wp\/v2\/media\/88695"}],"wp:attachment":[{"href":"https:\/\/www.egemtv.com\/index.php?rest_route=%2Fwp%2Fv2%2Fmedia&parent=88694"}],"wp:term":[{"taxonomy":"category","embeddable":true,"href":"https:\/\/www.egemtv.com\/index.php?rest_route=%2Fwp%2Fv2%2Fcategories&post=88694"},{"taxonomy":"post_tag","embeddable":true,"href":"https:\/\/www.egemtv.com\/index.php?rest_route=%2Fwp%2Fv2%2Ftags&post=88694"}],"curies":[{"name":"wp","href":"https:\/\/api.w.org\/{rel}","templated":true}]}}