{"id":88691,"date":"2026-02-18T10:35:48","date_gmt":"2026-02-18T07:35:48","guid":{"rendered":"https:\/\/www.egemtv.com\/?p=88691"},"modified":"2026-02-18T10:35:49","modified_gmt":"2026-02-18T07:35:49","slug":"egeli-sporculardan-kar-boccesi-sampiyonasinda-altin-madalya","status":"publish","type":"post","link":"https:\/\/www.egemtv.com\/?p=88691","title":{"rendered":"Egeli sporculardan, Kar Boccesi \u015eampiyonas\u0131nda alt\u0131n madalya"},"content":{"rendered":"<p>Ege \u00dcniversitesi \u00f6\u011frencileri Beyza Tatarl\u0131 ve Arda Er\u00e7etin, \u00dcnilig K\u0131\u015f Sporlar\u0131 Kar Boccesi \u015eampiyonas\u0131nda, \u00e7iftler mix disiplininde alt\u0131n madalya kazand\u0131.<br \/>\n<br \/>Kaliteli spor e\u011fitimi ve modern tesisleri ile sporun her dal\u0131nda iddial\u0131 olan Ege \u00dcniversitesi, gerek tak\u0131m gerekse bireysel bran\u015flarda, ulusal ve uluslararas\u0131 turnuvalarda ba\u015far\u0131lar\u0131n\u0131 s\u00fcrd\u00fcr\u00fcyor.<br \/>\n<br \/>Ege \u00dcniversitesi \u00f6\u011frencileri Beyza Tatarl\u0131 ve Arda Er\u00e7etin; T\u00fcrkiye \u00dcniversite Sporlar\u0131 Federasyonu (T\u00dcSF) taraf\u0131ndan Erzurum\u2019da d\u00fczenlenen \u00dcnilig K\u0131\u015f Sporlar\u0131 Kar Boccesi \u015eampiyonas\u0131nda, \u00e7iftler mix disiplininde alt\u0131n madalya kazanma ba\u015far\u0131s\u0131 g\u00f6sterdi.<br \/>\n<br \/>Ege \u00dcniversitesi Rekt\u00f6r\u00fc Prof. Dr. Musa Alc\u0131, &#8220;Erzurum Paland\u00f6ken\u2019de d\u00fczenlenen Kar Boccesi \u015eampiyonas\u0131nda alt\u0131n madalya kazanan sporcular\u0131m\u0131z\u0131 tebrik ediyor, ba\u015far\u0131lar\u0131n\u0131n devam\u0131n\u0131 diliyorum. Ege \u00dcniversitesi olarak sporcular\u0131m\u0131za deste\u011fimizi s\u00fcrd\u00fcrece\u011fiz&#8221; dedi.<br \/><\/p>\n","protected":false},"excerpt":{"rendered":"<p>Ege \u00dcniversitesi \u00f6\u011frencileri Beyza Tatarl\u0131 ve Arda Er\u00e7etin, \u00dcnilig K\u0131\u015f Sporlar\u0131 Kar Boccesi \u015eampiyonas\u0131nda, \u00e7iftler mix disiplininde alt\u0131n madalya kazand\u0131. Kaliteli spor e\u011fitimi ve modern tesisleri ile sporun her dal\u0131nda iddial\u0131 olan Ege \u00dcniversitesi, gerek tak\u0131m gerekse bireysel bran\u015flarda, ulusal ve uluslararas\u0131 turnuvalarda ba\u015far\u0131lar\u0131n\u0131 s\u00fcrd\u00fcr\u00fcyor. Ege \u00dcniversitesi \u00f6\u011frencileri Beyza Tatarl\u0131 ve Arda Er\u00e7etin; T\u00fcrkiye \u00dcniversite&#8230;<\/p>\n","protected":false},"author":1,"featured_media":88692,"comment_status":"open","ping_status":"open","sticky":false,"template":"","format":"standard","meta":{"_crdt_document":"","footnotes":""},"categories":[4],"tags":[],"class_list":["post-88691","post","type-post","status-publish","format-standard","has-post-thumbnail","hentry","category-spor"],"_links":{"self":[{"href":"https:\/\/www.egemtv.com\/index.php?rest_route=\/wp\/v2\/posts\/88691","targetHints":{"allow":["GET"]}}],"collection":[{"href":"https:\/\/www.egemtv.com\/index.php?rest_route=\/wp\/v2\/posts"}],"about":[{"href":"https:\/\/www.egemtv.com\/index.php?rest_route=\/wp\/v2\/types\/post"}],"author":[{"embeddable":true,"href":"https:\/\/www.egemtv.com\/index.php?rest_route=\/wp\/v2\/users\/1"}],"replies":[{"embeddable":true,"href":"https:\/\/www.egemtv.com\/index.php?rest_route=%2Fwp%2Fv2%2Fcomments&post=88691"}],"version-history":[{"count":1,"href":"https:\/\/www.egemtv.com\/index.php?rest_route=\/wp\/v2\/posts\/88691\/revisions"}],"predecessor-version":[{"id":88693,"href":"https:\/\/www.egemtv.com\/index.php?rest_route=\/wp\/v2\/posts\/88691\/revisions\/88693"}],"wp:featuredmedia":[{"embeddable":true,"href":"https:\/\/www.egemtv.com\/index.php?rest_route=\/wp\/v2\/media\/88692"}],"wp:attachment":[{"href":"https:\/\/www.egemtv.com\/index.php?rest_route=%2Fwp%2Fv2%2Fmedia&parent=88691"}],"wp:term":[{"taxonomy":"category","embeddable":true,"href":"https:\/\/www.egemtv.com\/index.php?rest_route=%2Fwp%2Fv2%2Fcategories&post=88691"},{"taxonomy":"post_tag","embeddable":true,"href":"https:\/\/www.egemtv.com\/index.php?rest_route=%2Fwp%2Fv2%2Ftags&post=88691"}],"curies":[{"name":"wp","href":"https:\/\/api.w.org\/{rel}","templated":true}]}}