{"id":88688,"date":"2026-02-18T10:15:06","date_gmt":"2026-02-18T07:15:06","guid":{"rendered":"https:\/\/www.egemtv.com\/?p=88688"},"modified":"2026-02-18T10:15:07","modified_gmt":"2026-02-18T07:15:07","slug":"genc-mimardan-mavi-yasam-icin-cevreci-cozum","status":"publish","type":"post","link":"https:\/\/www.egemtv.com\/?p=88688","title":{"rendered":"Gen\u00e7 mimardan \u2019Mavi ya\u015fam\u2019 i\u00e7in \u00e7evreci \u00e7\u00f6z\u00fcm"},"content":{"rendered":"<p>Ya\u015far \u00dcniversitesi Mimarl\u0131k Fak\u00fcltesi \u00f6\u011frencisi Denizhan \u015eall\u0131, Endonezya\u2019daki mercan resiflerinin yok olu\u015funa dikkat \u00e7eken \u00e7evreci bitirme projesiyle T\u00fcrkiye\u2019nin en sayg\u0131n mimarl\u0131k \u00f6\u011frenci yar\u0131\u015fmalar\u0131ndan Archiprix T\u00fcrkiye\u2019de \u2018\u2019E\u015fde\u011fer Mansiyon\u2018\u2019 \u00f6d\u00fcl\u00fcn\u00fcn sahibi oldu.<br \/>\n<br \/>\u015eevki Vanl\u0131 Mimarl\u0131k Vakf\u0131 ile Mimarlar Derne\u011fi 1927 taraf\u0131ndan d\u00fczenlenen yar\u0131\u015fma, mimarl\u0131k fak\u00fcltelerinin bitirme projelerini ulusal \u00f6l\u00e7ekte g\u00f6r\u00fcn\u00fcr k\u0131lmay\u0131 ve gen\u00e7 mimar adaylar\u0131n\u0131n \u00f6zg\u00fcn tasar\u0131m yakla\u015f\u0131mlar\u0131n\u0131 g\u00fcndeme getirmeyi ama\u00e7layan sayg\u0131n bir platform olarak biliniyor. Bu y\u0131l yar\u0131\u015fmada \u00f6d\u00fcl alan projeler aras\u0131nda Ya\u015far \u00dcniversitesi Mimarl\u0131k Fak\u00fcltesi Mimarl\u0131k B\u00f6l\u00fcm\u00fc \u00f6\u011frencisi Denizhan \u015eall\u0131\u2019n\u0131n \u00e7evre odakl\u0131 \u00f6nemli bir \u00e7al\u0131\u015fmas\u0131 da yer ald\u0131. \u015eall\u0131\u2019n\u0131n &#8220;The Living Pier &#8221; ba\u015fl\u0131kl\u0131 projesi, Endonezya\u2019n\u0131n do\u011fal g\u00fczelli\u011fiyle d\u00fcnyaca \u00fcnl\u00fc olan Togian Adalar\u0131\u2018n\u0131n \u00e7evresinde h\u0131zla yok olan mercan resiflerini korumay\u0131 ama\u00e7l\u0131yor. Proje, su kirlili\u011fi, patlay\u0131c\u0131yla bal\u0131k avlama, toplumsal bilin\u00e7 eksikli\u011fi ve kamusal \u00f6nlemlerin yetersizli\u011fi nedeniyle tahrip olan resif ekosistemini yeniden canland\u0131rmay\u0131 hedefliyor.<\/p>\n<p>D\u00fcnya miras\u0131 i\u00e7in umut<br \/>\n<br \/>Tasar\u0131m\u0131n\u0131n \u00e7\u0131k\u0131\u015f noktas\u0131n\u0131n su alt\u0131 yapay resif mod\u00fclleri ve iklime duyarl\u0131 su \u00fcst\u00fc birimlerden olu\u015fan yeni bir ya\u015fam alan\u0131 yap\u0131s\u0131 oldu\u011funu s\u00f6yleyen Denizhan \u015eall\u0131, d\u00fc\u015f\u00fcncelerini &#8220;Mercan resiflerinin yok olu\u015funu geri d\u00f6nd\u00fcr\u00fclemez bir son olarak de\u011fil, m\u00fcdahale edilmedi\u011finde derinle\u015fen bir kay\u0131p olarak ele ald\u0131m. Yap\u0131, bu kayb\u0131 simgeleyen bir an\u0131t olmak yerine iyile\u015ftirme s\u00fcrecinin aktif bir par\u00e7as\u0131 olmay\u0131 hedefliyor. Projede yer alan su alt\u0131 mod\u00fclleri, ara\u015ft\u0131rma mek\u00e2n\u0131 olman\u0131n \u00f6tesinde yeni ya\u015fam alanlar\u0131 \u00fcretmeyi hedefleyen yapay resif y\u00fczeyleri olarak tasarland\u0131. Beton kar\u0131\u015f\u0131m\u0131na eklenen yerel volkanik malzemeler, mercan larvalar\u0131n\u0131n tutunmas\u0131n\u0131 kolayla\u015ft\u0131ran bir zemin olu\u015fturuyor. Su \u00fcst\u00fc birimler ise do\u011fal havaland\u0131rma, g\u00f6lgeleme ve yar\u0131 ge\u00e7irgen kabuk sistemleriyle iklime duyarl\u0131 bir ya\u015fam alan\u0131 sunuyor. Ziyaret\u00e7i rotalar\u0131, kullan\u0131c\u0131y\u0131 merkeze do\u011frudan ula\u015ft\u0131rmak yerine yava\u015flatan ve g\u00f6zleme te\u015fvik eden bir mek\u00e2nsal deneyim kurguluyor. Projem, di\u011fer mercan resif alanlar\u0131na da uyarlanabilir\u2019\u2019 s\u00f6zleriyle payla\u015ft\u0131.<\/p>\n<p>T\u00fcrkiye\u2019ye mesafesi<br \/>\n<br \/>Togian Adalar\u0131, Endonezya\u2019n\u0131n Orta Sulawesi k\u0131y\u0131lar\u0131 a\u00e7\u0131klar\u0131nda, Tomini K\u00f6rfezi\u2019nde yer alan 56 ada ve bir\u00e7ok a\u00e7\u0131k deniz adac\u0131\u011f\u0131ndan olu\u015fan turistik bir tak\u0131mada olarak tur operat\u00f6rlerinin g\u00f6zde uluslararas\u0131 destinasyonlar\u0131 aras\u0131nda yer al\u0131yor. 2004 y\u0131l\u0131nda Endonezya h\u00fck\u00fcmeti taraf\u0131ndan \u00fclkenin 132 bin hektarl\u0131k en b\u00fcy\u00fck mercan resifi ba\u015fta olmak \u00fczere denizde 292 bin hektar, karada 70 bin, ormanl\u0131k alanda ise yakla\u015f\u0131k 11 bin hektarl\u0131k alan milli park ilan edildi.  T\u00fcrkiye\u2019den 5 saat ileride bulunan g\u00f6zde adalar toplulu\u011funun \u00fclkemize olan u\u00e7u\u015f mesafesi yakla\u015f\u0131k 11 bin km. Seyahat s\u00fcresi 20 saatin \u00fczerine \u00e7\u0131kabiliyor. \u00c7\u00fcnk\u00fc, Togian Adalar\u0131\u2019na do\u011frudan seyahat olana\u011f\u0131 bulunmuyor. Endonezya\u2019n\u0131n ba\u015fkenti Jakarta veya Bali Adas\u0131\u2019nda aktarma yap\u0131l\u0131yor. T\u00fcrk Hava Yollar\u0131\u2019n\u0131n (THY) her iki merkeze u\u00e7u\u015fu bulunuyor.<br \/><\/p>\n","protected":false},"excerpt":{"rendered":"<p>Ya\u015far \u00dcniversitesi Mimarl\u0131k Fak\u00fcltesi \u00f6\u011frencisi Denizhan \u015eall\u0131, Endonezya\u2019daki mercan resiflerinin yok olu\u015funa dikkat \u00e7eken \u00e7evreci bitirme projesiyle T\u00fcrkiye\u2019nin en sayg\u0131n mimarl\u0131k \u00f6\u011frenci yar\u0131\u015fmalar\u0131ndan Archiprix T\u00fcrkiye\u2019de \u2018\u2019E\u015fde\u011fer Mansiyon\u2018\u2019 \u00f6d\u00fcl\u00fcn\u00fcn sahibi oldu. \u015eevki Vanl\u0131 Mimarl\u0131k Vakf\u0131 ile Mimarlar Derne\u011fi 1927 taraf\u0131ndan d\u00fczenlenen yar\u0131\u015fma, mimarl\u0131k fak\u00fcltelerinin bitirme projelerini ulusal \u00f6l\u00e7ekte g\u00f6r\u00fcn\u00fcr k\u0131lmay\u0131 ve gen\u00e7 mimar adaylar\u0131n\u0131n \u00f6zg\u00fcn tasar\u0131m&#8230;<\/p>\n","protected":false},"author":1,"featured_media":88689,"comment_status":"open","ping_status":"open","sticky":false,"template":"","format":"standard","meta":{"_crdt_document":"","footnotes":""},"categories":[1],"tags":[],"class_list":["post-88688","post","type-post","status-publish","format-standard","has-post-thumbnail","hentry","category-guncel"],"_links":{"self":[{"href":"https:\/\/www.egemtv.com\/index.php?rest_route=\/wp\/v2\/posts\/88688","targetHints":{"allow":["GET"]}}],"collection":[{"href":"https:\/\/www.egemtv.com\/index.php?rest_route=\/wp\/v2\/posts"}],"about":[{"href":"https:\/\/www.egemtv.com\/index.php?rest_route=\/wp\/v2\/types\/post"}],"author":[{"embeddable":true,"href":"https:\/\/www.egemtv.com\/index.php?rest_route=\/wp\/v2\/users\/1"}],"replies":[{"embeddable":true,"href":"https:\/\/www.egemtv.com\/index.php?rest_route=%2Fwp%2Fv2%2Fcomments&post=88688"}],"version-history":[{"count":1,"href":"https:\/\/www.egemtv.com\/index.php?rest_route=\/wp\/v2\/posts\/88688\/revisions"}],"predecessor-version":[{"id":88690,"href":"https:\/\/www.egemtv.com\/index.php?rest_route=\/wp\/v2\/posts\/88688\/revisions\/88690"}],"wp:featuredmedia":[{"embeddable":true,"href":"https:\/\/www.egemtv.com\/index.php?rest_route=\/wp\/v2\/media\/88689"}],"wp:attachment":[{"href":"https:\/\/www.egemtv.com\/index.php?rest_route=%2Fwp%2Fv2%2Fmedia&parent=88688"}],"wp:term":[{"taxonomy":"category","embeddable":true,"href":"https:\/\/www.egemtv.com\/index.php?rest_route=%2Fwp%2Fv2%2Fcategories&post=88688"},{"taxonomy":"post_tag","embeddable":true,"href":"https:\/\/www.egemtv.com\/index.php?rest_route=%2Fwp%2Fv2%2Ftags&post=88688"}],"curies":[{"name":"wp","href":"https:\/\/api.w.org\/{rel}","templated":true}]}}