{"id":88685,"date":"2026-02-18T09:55:43","date_gmt":"2026-02-18T06:55:43","guid":{"rendered":"https:\/\/www.egemtv.com\/?p=88685"},"modified":"2026-02-18T09:55:44","modified_gmt":"2026-02-18T06:55:44","slug":"kutahyanin-pazarlar-ilkokulunda-robotik-kodlama-sinifi-hizmete-acildi","status":"publish","type":"post","link":"https:\/\/www.egemtv.com\/?p=88685","title":{"rendered":"K\u00fctahya\u2019n\u0131n Pazarlar \u0130lkokulu\u2019nda Robotik Kodlama S\u0131n\u0131f\u0131 hizmete a\u00e7\u0131ld\u0131"},"content":{"rendered":"<p>K\u00fctahya\u2019n\u0131n Pazarlar il\u00e7esinde e\u011fitim alan\u0131nda \u00f6nemli bir ad\u0131m daha at\u0131larak Pazarlar \u0130lkokulu b\u00fcnyesinde olu\u015fturulan Robotik Kodlama S\u0131n\u0131f\u0131 hizmete a\u00e7\u0131ld\u0131. \u00d6\u011frencilerin teknolojiyle i\u00e7 i\u00e7e, \u00fcretken ve yenilik\u00e7i bireyler olarak yeti\u015fmelerine katk\u0131 sa\u011flamas\u0131 hedeflenen a\u00e7\u0131l\u0131\u015f program\u0131na il\u00e7e protokol\u00fc yo\u011fun ilgi g\u00f6sterdi.<br \/>\n<br \/>A\u00e7\u0131l\u0131\u015f t\u00f6renine; Pazarlar Kaymakam\u0131 Alper A\u00e7\u0131kg\u00f6z, Pazarlar Belediye Ba\u015fkan\u0131 Bilal Demirci, \u0130l\u00e7e Milli E\u011fitim M\u00fcd\u00fcr\u00fc Abdullah \u00c7al\u0131\u015fkan, \u015eube M\u00fcd\u00fcr\u00fc Zeynep Sena Can, Okul M\u00fcd\u00fcr\u00fc Mustafa Fatih Eren ile \u00f6\u011fretmenler ve \u00f6\u011frenciler kat\u0131ld\u0131.<br \/>\n<br \/>Programda konu\u015fan protokol \u00fcyeleri, \u00e7a\u011f\u0131n gerekliliklerine uygun e\u011fitim ortamlar\u0131n\u0131n olu\u015fturulmas\u0131n\u0131n \u00f6nemine dikkat \u00e7ekerek, robotik kodlama e\u011fitiminin \u00f6\u011frencilerin analitik d\u00fc\u015f\u00fcnme, problem \u00e7\u00f6zme ve tak\u0131m \u00e7al\u0131\u015fmas\u0131 becerilerini geli\u015ftirece\u011fini vurgulad\u0131. \u00d6\u011frencilerin erken ya\u015fta teknolojiyle do\u011fru \u015fekilde tan\u0131\u015fmas\u0131n\u0131n, gelece\u011fin m\u00fchendisleri ve yaz\u0131l\u0131mc\u0131lar\u0131 i\u00e7in sa\u011flam bir temel olu\u015fturaca\u011f\u0131 ifade edildi. A\u00e7\u0131l\u0131\u015f kurdelesinin kesilmesinin ard\u0131ndan kat\u0131l\u0131mc\u0131lar Robotik Kodlama S\u0131n\u0131f\u0131\u2019n\u0131 dola\u015farak y\u00fcr\u00fct\u00fclen \u00e7al\u0131\u015fmalar hakk\u0131nda bilgi ald\u0131. \u00d6\u011frenciler taraf\u0131ndan haz\u0131rlanan \u00f6rnek robotik uygulamalar ise b\u00fcy\u00fck be\u011feni toplad\u0131.<br \/>\n<br \/>A\u00e7\u0131l\u0131\u015fta konu\u015fan Belediye Ba\u015fkan\u0131 Bilal Demirci, hizmete giren s\u0131n\u0131flar\u0131n yaln\u0131zca birer derslik olmad\u0131\u011f\u0131n\u0131, gelece\u011fe at\u0131lan birer tohum niteli\u011fi ta\u015f\u0131d\u0131\u011f\u0131n\u0131 belirtti.<br \/>\n<br \/>Yeni a\u00e7\u0131lan Robotik Kodlama S\u0131n\u0131f\u0131\u2019n\u0131n \u00f6\u011frencilere ve e\u011fitim camias\u0131na hay\u0131rl\u0131 olmas\u0131 temenni edildi.<br \/><\/p>\n","protected":false},"excerpt":{"rendered":"<p>K\u00fctahya\u2019n\u0131n Pazarlar il\u00e7esinde e\u011fitim alan\u0131nda \u00f6nemli bir ad\u0131m daha at\u0131larak Pazarlar \u0130lkokulu b\u00fcnyesinde olu\u015fturulan Robotik Kodlama S\u0131n\u0131f\u0131 hizmete a\u00e7\u0131ld\u0131. \u00d6\u011frencilerin teknolojiyle i\u00e7 i\u00e7e, \u00fcretken ve yenilik\u00e7i bireyler olarak yeti\u015fmelerine katk\u0131 sa\u011flamas\u0131 hedeflenen a\u00e7\u0131l\u0131\u015f program\u0131na il\u00e7e protokol\u00fc yo\u011fun ilgi g\u00f6sterdi. A\u00e7\u0131l\u0131\u015f t\u00f6renine; Pazarlar Kaymakam\u0131 Alper A\u00e7\u0131kg\u00f6z, Pazarlar Belediye Ba\u015fkan\u0131 Bilal Demirci, \u0130l\u00e7e Milli E\u011fitim M\u00fcd\u00fcr\u00fc Abdullah&#8230;<\/p>\n","protected":false},"author":1,"featured_media":88686,"comment_status":"open","ping_status":"open","sticky":false,"template":"","format":"standard","meta":{"_crdt_document":"","footnotes":""},"categories":[1],"tags":[],"class_list":["post-88685","post","type-post","status-publish","format-standard","has-post-thumbnail","hentry","category-guncel"],"_links":{"self":[{"href":"https:\/\/www.egemtv.com\/index.php?rest_route=\/wp\/v2\/posts\/88685","targetHints":{"allow":["GET"]}}],"collection":[{"href":"https:\/\/www.egemtv.com\/index.php?rest_route=\/wp\/v2\/posts"}],"about":[{"href":"https:\/\/www.egemtv.com\/index.php?rest_route=\/wp\/v2\/types\/post"}],"author":[{"embeddable":true,"href":"https:\/\/www.egemtv.com\/index.php?rest_route=\/wp\/v2\/users\/1"}],"replies":[{"embeddable":true,"href":"https:\/\/www.egemtv.com\/index.php?rest_route=%2Fwp%2Fv2%2Fcomments&post=88685"}],"version-history":[{"count":1,"href":"https:\/\/www.egemtv.com\/index.php?rest_route=\/wp\/v2\/posts\/88685\/revisions"}],"predecessor-version":[{"id":88687,"href":"https:\/\/www.egemtv.com\/index.php?rest_route=\/wp\/v2\/posts\/88685\/revisions\/88687"}],"wp:featuredmedia":[{"embeddable":true,"href":"https:\/\/www.egemtv.com\/index.php?rest_route=\/wp\/v2\/media\/88686"}],"wp:attachment":[{"href":"https:\/\/www.egemtv.com\/index.php?rest_route=%2Fwp%2Fv2%2Fmedia&parent=88685"}],"wp:term":[{"taxonomy":"category","embeddable":true,"href":"https:\/\/www.egemtv.com\/index.php?rest_route=%2Fwp%2Fv2%2Fcategories&post=88685"},{"taxonomy":"post_tag","embeddable":true,"href":"https:\/\/www.egemtv.com\/index.php?rest_route=%2Fwp%2Fv2%2Ftags&post=88685"}],"curies":[{"name":"wp","href":"https:\/\/api.w.org\/{rel}","templated":true}]}}