{"id":88682,"date":"2026-02-18T09:55:42","date_gmt":"2026-02-18T06:55:42","guid":{"rendered":"https:\/\/www.egemtv.com\/?p=88682"},"modified":"2026-02-18T09:55:43","modified_gmt":"2026-02-18T06:55:43","slug":"koycegizde-ramazan-ayina-uygun-programlar-duzenlenecek","status":"publish","type":"post","link":"https:\/\/www.egemtv.com\/?p=88682","title":{"rendered":"K\u00f6yce\u011fiz\u2019de Ramazan ay\u0131na uygun programlar d\u00fczenlenecek"},"content":{"rendered":"<p>Mu\u011fla\u2019n\u0131n K\u00f6yce\u011fiz il\u00e7esinde M\u00fcft\u00fcl\u00fck taraf\u0131ndan Ramazan ay\u0131na uygun programlar ger\u00e7ekle\u015ftirilecek.<\/p>\n<p>18 \u015eubat 2026 \u00c7ar\u015famba g\u00fcn\u00fc ak\u015fam ilk teravih namaz\u0131 k\u0131l\u0131n\u0131p gecesinde ilk sahur yap\u0131l\u0131p 19 \u015eubat 2026 Per\u015fembe g\u00fcn\u00fc de farz olan Ramazan orucu tutulacak. K\u00f6yce\u011fiz\u2019de Diyanet \u0130\u015fleri Ba\u015fkanl\u0131\u011f\u0131n\u0131n belirledi\u011fi 2026 y\u0131l\u0131 Ramazan Ay\u0131 temas\u0131 olan &#8220;Ramazan Cami ve Hayat&#8221; kapsam\u0131nda g\u00fcnd\u00fczleri oru\u00e7 ile teravihler, mukabeleler, sahurlar, iftarlar, fitreler, zekatlar, fidyeler, yard\u0131mlar ile Ramazan ay\u0131 anlaml\u0131 ve unutulmaz k\u0131l\u0131nacak. Bu sene de K\u00f6yce\u011fiz\u2019de Hatimle teravih namaz\u0131 k\u0131l\u0131nmaya devam edilecek olup Toparlar Mescid-i Kebir Camiinde Uzman \u0130mam-Hatip Haf\u0131z Ramazan Tokcan Hoca camisinde ramazan ay\u0131 boyunca hatimle teravih namazlar\u0131n\u0131 k\u0131ld\u0131racak. K\u00f6yce\u011fiz \u0130l\u00e7e M\u00fcft\u00fcl\u00fc\u011f\u00fcnden yap\u0131lan a\u00e7\u0131klamada; &#8220;Ramazan ay\u0131n\u0131n kalplerimize huzur, hanelerimize bereket, ailemize, K\u00f6yce\u011fiz\u2019imize, Mu\u011fla\u2019m\u0131za, \u00fclkemize ve \u0130sl\u00e2m alemine hay\u0131rlar getirmesini temenni ediyoruz. Ba\u015fta Filistinli karde\u015flerimiz olmak \u00fczere t\u00fcm zul\u00fcm alt\u0131nda olan karde\u015flerimizin de biran evvel huzura kavu\u015fmalar\u0131n\u0131 Rabb\u2019imizden niyaz ediyoruz. Ho\u015f geldin on bir ay\u0131n sultan\u0131 ya \u015eehr-i Ramazan&#8221; ifadeleri kullan\u0131ld\u0131.<br \/><\/p>\n","protected":false},"excerpt":{"rendered":"<p>Mu\u011fla\u2019n\u0131n K\u00f6yce\u011fiz il\u00e7esinde M\u00fcft\u00fcl\u00fck taraf\u0131ndan Ramazan ay\u0131na uygun programlar ger\u00e7ekle\u015ftirilecek. 18 \u015eubat 2026 \u00c7ar\u015famba g\u00fcn\u00fc ak\u015fam ilk teravih namaz\u0131 k\u0131l\u0131n\u0131p gecesinde ilk sahur yap\u0131l\u0131p 19 \u015eubat 2026 Per\u015fembe g\u00fcn\u00fc de farz olan Ramazan orucu tutulacak. K\u00f6yce\u011fiz\u2019de Diyanet \u0130\u015fleri Ba\u015fkanl\u0131\u011f\u0131n\u0131n belirledi\u011fi 2026 y\u0131l\u0131 Ramazan Ay\u0131 temas\u0131 olan &#8220;Ramazan Cami ve Hayat&#8221; kapsam\u0131nda g\u00fcnd\u00fczleri oru\u00e7 ile teravihler,&#8230;<\/p>\n","protected":false},"author":1,"featured_media":88683,"comment_status":"open","ping_status":"open","sticky":false,"template":"","format":"standard","meta":{"_crdt_document":"","footnotes":""},"categories":[1],"tags":[],"class_list":["post-88682","post","type-post","status-publish","format-standard","has-post-thumbnail","hentry","category-guncel"],"_links":{"self":[{"href":"https:\/\/www.egemtv.com\/index.php?rest_route=\/wp\/v2\/posts\/88682","targetHints":{"allow":["GET"]}}],"collection":[{"href":"https:\/\/www.egemtv.com\/index.php?rest_route=\/wp\/v2\/posts"}],"about":[{"href":"https:\/\/www.egemtv.com\/index.php?rest_route=\/wp\/v2\/types\/post"}],"author":[{"embeddable":true,"href":"https:\/\/www.egemtv.com\/index.php?rest_route=\/wp\/v2\/users\/1"}],"replies":[{"embeddable":true,"href":"https:\/\/www.egemtv.com\/index.php?rest_route=%2Fwp%2Fv2%2Fcomments&post=88682"}],"version-history":[{"count":1,"href":"https:\/\/www.egemtv.com\/index.php?rest_route=\/wp\/v2\/posts\/88682\/revisions"}],"predecessor-version":[{"id":88684,"href":"https:\/\/www.egemtv.com\/index.php?rest_route=\/wp\/v2\/posts\/88682\/revisions\/88684"}],"wp:featuredmedia":[{"embeddable":true,"href":"https:\/\/www.egemtv.com\/index.php?rest_route=\/wp\/v2\/media\/88683"}],"wp:attachment":[{"href":"https:\/\/www.egemtv.com\/index.php?rest_route=%2Fwp%2Fv2%2Fmedia&parent=88682"}],"wp:term":[{"taxonomy":"category","embeddable":true,"href":"https:\/\/www.egemtv.com\/index.php?rest_route=%2Fwp%2Fv2%2Fcategories&post=88682"},{"taxonomy":"post_tag","embeddable":true,"href":"https:\/\/www.egemtv.com\/index.php?rest_route=%2Fwp%2Fv2%2Ftags&post=88682"}],"curies":[{"name":"wp","href":"https:\/\/api.w.org\/{rel}","templated":true}]}}