{"id":88664,"date":"2026-02-18T09:35:02","date_gmt":"2026-02-18T06:35:02","guid":{"rendered":"https:\/\/www.egemtv.com\/?p=88664"},"modified":"2026-02-18T09:35:03","modified_gmt":"2026-02-18T06:35:03","slug":"saraykoy-sokaklarinda-ramazan-coskusu-yasanacak","status":"publish","type":"post","link":"https:\/\/www.egemtv.com\/?p=88664","title":{"rendered":"Sarayk\u00f6y sokaklar\u0131nda Ramazan co\u015fkusu ya\u015fanacak"},"content":{"rendered":"<p>Denizli\u2019de Sarayk\u00f6y Anadolu \u0130mam Hatip Lisesi ve Sarayk\u00f6y Anadolu \u0130mam Hatip Ortaokulu \u00f6\u011fretmen ve \u00f6\u011frencileri, Ramazan ay\u0131 etkinlikleri kapsam\u0131nda il\u00e7e merkezinde y\u00fcr\u00fcy\u00fc\u015f d\u00fczenleyerek geleneksel Ramazan k\u00fclt\u00fcr\u00fcn\u00fc ya\u015fatt\u0131.<\/p>\n<p>Denizli\u2019nin Sarayk\u00f6y il\u00e7esinde Ramazan ay\u0131n\u0131n manevi atmosferi, \u00f6\u011frencilerin d\u00fczenledi\u011fi anlaml\u0131 bir sosyal sorumluluk projesiyle sokaklara ta\u015f\u0131nd\u0131. &#8220;Geleneklerimizle Ramazan Ay\u0131 Ruhunu Ya\u015fat\u0131yoruz&#8221; slogan\u0131yla ger\u00e7ekle\u015ftirilen etkinlikte Sarayk\u00f6y Anadolu \u0130mam Hatip Lisesi ve Ortaokulu \u00f6\u011fretmen ve \u00f6\u011frencileri il\u00e7e merkezinde y\u00fcr\u00fcy\u00fc\u015f yapt\u0131. Ellerinde Ramazan ay\u0131n\u0131n \u00f6nemini anlatan pankartlar ta\u015f\u0131yan \u00f6\u011frenciler, il\u00e7e sokak ve caddelerinde vatanda\u015flarla bulu\u015ftu. Geleneksel k\u0131yafetler giyen \u00f6\u011frenciler, davul e\u015fli\u011finde s\u00f6yledikleri manilerle eski Ramazanlar\u0131 aratmayan g\u00f6r\u00fcnt\u00fcler olu\u015fturdu. Y\u00fcr\u00fcy\u00fc\u015f boyunca Sarayk\u00f6y halk\u0131na bayram \u015fekeri, imsakiye ve iftar hurmas\u0131 ikram edilerek Ramazan\u2019\u0131n payla\u015fma ve dayan\u0131\u015fma ruhu yans\u0131t\u0131ld\u0131. Vatanda\u015flar\u0131n yo\u011fun ilgi g\u00f6sterdi\u011fi etkinlikte, \u00f6zellikle \u00e7ocuklar\u0131n ve gen\u00e7lerin geleneksel Ramazan k\u00fclt\u00fcr\u00fcn\u00fc ya\u015fatarak sahada aktif rol almas\u0131 takdir toplad\u0131. \u0130l\u00e7e sakinleri, ge\u00e7mi\u015f y\u0131llar\u0131n Ramazan heyecan\u0131n\u0131 hat\u0131rlatan bu anlaml\u0131 organizasyondan duyduklar\u0131 memnuniyeti dile getirdi.<\/p>\n<p>Eski Ramazanlar\u0131n havas\u0131n\u0131 ya\u015fatt\u0131lar<br \/>\n<br \/>Bu y\u0131l ikincisi d\u00fczenlenen ve gelenekselle\u015ftirilmesi hedeflenen &#8220;Ho\u015f Geldin Ramazan&#8221; etkinli\u011finin \u00f6nemine de\u011finen \u0130l\u00e7e Milli E\u011fitim M\u00fcd\u00fcr\u00fc B\u00fclent Akhan, yap\u0131lan \u00e7al\u0131\u015fman\u0131n sosyal fark\u0131ndal\u0131k a\u00e7\u0131s\u0131ndan b\u00fcy\u00fck de\u011fer ta\u015f\u0131d\u0131\u011f\u0131n\u0131 ifade etti. Akhan, &#8220;\u00d6\u011frencilerimiz davullar\u0131, manileri, imsakiyeleri, bayram \u015fekerleri ve hurmalar\u0131yla adeta \u2018Ah nerede o eski Ramazanlar\u2019 havas\u0131n\u0131 il\u00e7emizde ya\u015fatt\u0131lar. G\u00fcn\u00fcm\u00fcz\u00fcn h\u0131zl\u0131 ya\u015fam temposu i\u00e7inde geleneklerimizi unutmamak ve gelecek nesillere aktarmak b\u00fcy\u00fck \u00f6nem ta\u015f\u0131yor&#8221; dedi.<\/p>\n<p>Ramazan ay\u0131n\u0131n \u00f6rf ve adetlerimizde \u00f6zel bir yere sahip oldu\u011funu vurgulayan Akhan, bu t\u00fcr etkinliklerin \u00e7ocuklara k\u00fclt\u00fcrel miras bilinci kazand\u0131rd\u0131\u011f\u0131n\u0131 belirtti. Ramazan sevincinin ve \u015fenlik k\u00fclt\u00fcr\u00fcn\u00fcn yeni ku\u015faklara aktar\u0131lmas\u0131n\u0131n \u00f6nemine dikkat \u00e7eken Akhan, projede eme\u011fi ge\u00e7en okul y\u00f6neticilerine, \u00f6\u011fretmenlere ve \u00f6\u011frencilere te\u015fekk\u00fcr etti.<br \/><\/p>\n","protected":false},"excerpt":{"rendered":"<p>Denizli\u2019de Sarayk\u00f6y Anadolu \u0130mam Hatip Lisesi ve Sarayk\u00f6y Anadolu \u0130mam Hatip Ortaokulu \u00f6\u011fretmen ve \u00f6\u011frencileri, Ramazan ay\u0131 etkinlikleri kapsam\u0131nda il\u00e7e merkezinde y\u00fcr\u00fcy\u00fc\u015f d\u00fczenleyerek geleneksel Ramazan k\u00fclt\u00fcr\u00fcn\u00fc ya\u015fatt\u0131. Denizli\u2019nin Sarayk\u00f6y il\u00e7esinde Ramazan ay\u0131n\u0131n manevi atmosferi, \u00f6\u011frencilerin d\u00fczenledi\u011fi anlaml\u0131 bir sosyal sorumluluk projesiyle sokaklara ta\u015f\u0131nd\u0131. &#8220;Geleneklerimizle Ramazan Ay\u0131 Ruhunu Ya\u015fat\u0131yoruz&#8221; slogan\u0131yla ger\u00e7ekle\u015ftirilen etkinlikte Sarayk\u00f6y Anadolu \u0130mam Hatip&#8230;<\/p>\n","protected":false},"author":1,"featured_media":88665,"comment_status":"open","ping_status":"open","sticky":false,"template":"","format":"standard","meta":{"_crdt_document":"","footnotes":""},"categories":[123],"tags":[],"class_list":["post-88664","post","type-post","status-publish","format-standard","has-post-thumbnail","hentry","category-gundem"],"_links":{"self":[{"href":"https:\/\/www.egemtv.com\/index.php?rest_route=\/wp\/v2\/posts\/88664","targetHints":{"allow":["GET"]}}],"collection":[{"href":"https:\/\/www.egemtv.com\/index.php?rest_route=\/wp\/v2\/posts"}],"about":[{"href":"https:\/\/www.egemtv.com\/index.php?rest_route=\/wp\/v2\/types\/post"}],"author":[{"embeddable":true,"href":"https:\/\/www.egemtv.com\/index.php?rest_route=\/wp\/v2\/users\/1"}],"replies":[{"embeddable":true,"href":"https:\/\/www.egemtv.com\/index.php?rest_route=%2Fwp%2Fv2%2Fcomments&post=88664"}],"version-history":[{"count":1,"href":"https:\/\/www.egemtv.com\/index.php?rest_route=\/wp\/v2\/posts\/88664\/revisions"}],"predecessor-version":[{"id":88666,"href":"https:\/\/www.egemtv.com\/index.php?rest_route=\/wp\/v2\/posts\/88664\/revisions\/88666"}],"wp:featuredmedia":[{"embeddable":true,"href":"https:\/\/www.egemtv.com\/index.php?rest_route=\/wp\/v2\/media\/88665"}],"wp:attachment":[{"href":"https:\/\/www.egemtv.com\/index.php?rest_route=%2Fwp%2Fv2%2Fmedia&parent=88664"}],"wp:term":[{"taxonomy":"category","embeddable":true,"href":"https:\/\/www.egemtv.com\/index.php?rest_route=%2Fwp%2Fv2%2Fcategories&post=88664"},{"taxonomy":"post_tag","embeddable":true,"href":"https:\/\/www.egemtv.com\/index.php?rest_route=%2Fwp%2Fv2%2Ftags&post=88664"}],"curies":[{"name":"wp","href":"https:\/\/api.w.org\/{rel}","templated":true}]}}