{"id":88655,"date":"2026-02-18T09:15:24","date_gmt":"2026-02-18T06:15:24","guid":{"rendered":"https:\/\/www.egemtv.com\/?p=88655"},"modified":"2026-02-18T09:15:25","modified_gmt":"2026-02-18T06:15:25","slug":"universitedeki-yol-hasari-yerinde-incelendi","status":"publish","type":"post","link":"https:\/\/www.egemtv.com\/?p=88655","title":{"rendered":"\u00dcniversitedeki yol hasar\u0131 yerinde incelendi"},"content":{"rendered":"<p>Adnan Menderes \u00dcniversitesi Merkez Kamp\u00fcs\u00fc\u2019nde, KYK yurt binalar\u0131na ula\u015f\u0131m\u0131 sa\u011flayan g\u00fczergahta son g\u00fcnlerde etkili olan a\u015f\u0131r\u0131 ya\u011f\u0131\u015flar nedeniyle meydana gelen yol hasar\u0131 yerinde incelendi. \u00d6\u011frencilerimizin yurtlar\u0131na ula\u015f\u0131m\u0131n\u0131 sa\u011flayan toplu ta\u015f\u0131ma ara\u00e7lar\u0131n\u0131n g\u00fcvenli \u015fekilde hizmet vermeye devam edebilmesi amac\u0131yla gerekli tedbirler sahada de\u011ferlendirildi.<br \/>\n<br \/>Adnan Menderes \u00dcniversitesi Genel Sekreter V. Prof. Dr. Bertan Akyol\u2019un ger\u00e7ekle\u015ftirdi\u011fi incelemeye; Genel Sekreter Yard\u0131mc\u0131s\u0131 Tanfer Bilge ile Genel Sekreter Yard\u0131mc\u0131s\u0131 V. Av. Mehmet Boynikar kat\u0131ld\u0131.<br \/>\n<br \/>G\u00fcvenlik birimlerinden detayl\u0131 bilgi alan Prof. Dr. Bertan Akyol, \u00f6\u011frencilerin g\u00fcvenli\u011finin her \u015fartta \u00f6ncelikli oldu\u011funu vurgulayarak s\u00fcrecin titizlikle y\u00fcr\u00fct\u00fcld\u00fc\u011f\u00fcn\u00fc ifade etti. Toplu ta\u015f\u0131ma ara\u00e7lar\u0131n\u0131n kontroll\u00fc g\u00fczerg\u00e2h \u00fczerinden giri\u015f-\u00e7\u0131k\u0131\u015f yapmaya devam etti\u011fini belirten Prof. Dr. Akyol, herhangi bir ma\u011fduriyet ya\u015fanmamas\u0131 ad\u0131na gerekli t\u00fcm \u00f6nlemlerin al\u0131nd\u0131\u011f\u0131n\u0131 kaydetti. Ayr\u0131ca, g\u00fczerg\u00e2hta ba\u015flat\u0131lan tadilat ve g\u00fc\u00e7lendirme \u00e7al\u0131\u015fmalar\u0131n\u0131n en k\u0131sa s\u00fcrede tamamlanmas\u0131n\u0131n hedeflendi\u011fi, hava \u015fartlar\u0131n\u0131n elveri\u015fli hale gelmesiyle birlikte kal\u0131c\u0131 onar\u0131m s\u00fcrecinin h\u0131z kazanaca\u011f\u0131 belirtildi. \u00dcniversite y\u00f6netiminin s\u00fcreci yak\u0131ndan takip etti\u011fi ve geli\u015fmelerin \u00fcniversitemizin resm\u00ee ileti\u015fim kanallar\u0131 arac\u0131l\u0131\u011f\u0131yla kamuoyu ile payla\u015f\u0131laca\u011f\u0131 ifade edildi.<br \/><\/p>\n","protected":false},"excerpt":{"rendered":"<p>Adnan Menderes \u00dcniversitesi Merkez Kamp\u00fcs\u00fc\u2019nde, KYK yurt binalar\u0131na ula\u015f\u0131m\u0131 sa\u011flayan g\u00fczergahta son g\u00fcnlerde etkili olan a\u015f\u0131r\u0131 ya\u011f\u0131\u015flar nedeniyle meydana gelen yol hasar\u0131 yerinde incelendi. \u00d6\u011frencilerimizin yurtlar\u0131na ula\u015f\u0131m\u0131n\u0131 sa\u011flayan toplu ta\u015f\u0131ma ara\u00e7lar\u0131n\u0131n g\u00fcvenli \u015fekilde hizmet vermeye devam edebilmesi amac\u0131yla gerekli tedbirler sahada de\u011ferlendirildi. Adnan Menderes \u00dcniversitesi Genel Sekreter V. Prof. Dr. Bertan Akyol\u2019un ger\u00e7ekle\u015ftirdi\u011fi incelemeye; Genel&#8230;<\/p>\n","protected":false},"author":1,"featured_media":88656,"comment_status":"open","ping_status":"open","sticky":false,"template":"","format":"standard","meta":{"_crdt_document":"","footnotes":""},"categories":[1],"tags":[],"class_list":["post-88655","post","type-post","status-publish","format-standard","has-post-thumbnail","hentry","category-guncel"],"_links":{"self":[{"href":"https:\/\/www.egemtv.com\/index.php?rest_route=\/wp\/v2\/posts\/88655","targetHints":{"allow":["GET"]}}],"collection":[{"href":"https:\/\/www.egemtv.com\/index.php?rest_route=\/wp\/v2\/posts"}],"about":[{"href":"https:\/\/www.egemtv.com\/index.php?rest_route=\/wp\/v2\/types\/post"}],"author":[{"embeddable":true,"href":"https:\/\/www.egemtv.com\/index.php?rest_route=\/wp\/v2\/users\/1"}],"replies":[{"embeddable":true,"href":"https:\/\/www.egemtv.com\/index.php?rest_route=%2Fwp%2Fv2%2Fcomments&post=88655"}],"version-history":[{"count":1,"href":"https:\/\/www.egemtv.com\/index.php?rest_route=\/wp\/v2\/posts\/88655\/revisions"}],"predecessor-version":[{"id":88657,"href":"https:\/\/www.egemtv.com\/index.php?rest_route=\/wp\/v2\/posts\/88655\/revisions\/88657"}],"wp:featuredmedia":[{"embeddable":true,"href":"https:\/\/www.egemtv.com\/index.php?rest_route=\/wp\/v2\/media\/88656"}],"wp:attachment":[{"href":"https:\/\/www.egemtv.com\/index.php?rest_route=%2Fwp%2Fv2%2Fmedia&parent=88655"}],"wp:term":[{"taxonomy":"category","embeddable":true,"href":"https:\/\/www.egemtv.com\/index.php?rest_route=%2Fwp%2Fv2%2Fcategories&post=88655"},{"taxonomy":"post_tag","embeddable":true,"href":"https:\/\/www.egemtv.com\/index.php?rest_route=%2Fwp%2Fv2%2Ftags&post=88655"}],"curies":[{"name":"wp","href":"https:\/\/api.w.org\/{rel}","templated":true}]}}