{"id":88532,"date":"2026-02-17T14:55:02","date_gmt":"2026-02-17T11:55:02","guid":{"rendered":"https:\/\/www.egemtv.com\/?p=88532"},"modified":"2026-02-17T14:55:03","modified_gmt":"2026-02-17T11:55:03","slug":"sokede-ramazan-oncesi-yapilacak-calismalari-masaya-yatirdi","status":"publish","type":"post","link":"https:\/\/www.egemtv.com\/?p=88532","title":{"rendered":"S\u00f6ke\u2019de Ramazan \u00f6ncesi yap\u0131lacak \u00e7al\u0131\u015fmalar\u0131 masaya yat\u0131rd\u0131"},"content":{"rendered":"<p>Ayd\u0131n\u2019\u0131n S\u00f6ke il\u00e7esinde, S\u00f6ke \u0130l\u00e7e M\u00fcft\u00fcl\u00fc\u011f\u00fc taraf\u0131ndan d\u00fczenlenen \u015eubat ay\u0131 personel toplant\u0131s\u0131nda yakla\u015fan Ramazan ay\u0131 \u00f6ncesi yap\u0131lacak \u00e7al\u0131\u015fmalar masaya yat\u0131r\u0131ld\u0131.<\/p>\n<p>S\u00f6ke \u0130l\u00e7e M\u00fcft\u00fcl\u00fc\u011f\u00fc Konferans Salonu\u2019nda Kur\u2019an-\u0131 Kerim tilaveti ile ba\u015flayan toplant\u0131ya m\u00fcft\u00fcl\u00fck personeli ve din g\u00f6revlileri kat\u0131ld\u0131. S\u00f6ke \u0130l\u00e7e M\u00fcft\u00fcs\u00fc H\u00fcseyin Taner ba\u015fkanl\u0131\u011f\u0131nda ger\u00e7ekle\u015ftirilen toplant\u0131da, Diyanet \u0130\u015fleri Ba\u015fkanl\u0131\u011f\u0131 Din Hizmetleri Uygulama Genelgesi ile Ramazan talimatlar\u0131nda yer alan hususlar detayl\u0131 \u015fekilde de\u011ferlendirildi. Toplant\u0131da din g\u00f6revlilerinin sahadaki hizmetlerini daha etkin ve verimli s\u00fcrd\u00fcrebilmesine y\u00f6nelik g\u00f6r\u00fc\u015f al\u0131\u015fveri\u015finde bulunulurken, camilerde y\u00fcr\u00fct\u00fclecek ir\u015fad faaliyetleri, mukabele programlar\u0131 ve vatanda\u015flara y\u00f6nelik rehberlik \u00e7al\u0131\u015fmalar\u0131 planland\u0131. Ramazan ay\u0131n\u0131n birlik ve beraberlik ruhuna uygun \u015fekilde idrak edilmesi i\u00e7in t\u00fcm din g\u00f6revlilerine \u00e7al\u0131\u015fmalar\u0131nda ba\u015far\u0131lar dilendi.<\/p>\n<p>Toplant\u0131, yap\u0131lan dua ve temennilerin ard\u0131ndan sona erdi.<br \/><\/p>\n","protected":false},"excerpt":{"rendered":"<p>Ayd\u0131n\u2019\u0131n S\u00f6ke il\u00e7esinde, S\u00f6ke \u0130l\u00e7e M\u00fcft\u00fcl\u00fc\u011f\u00fc taraf\u0131ndan d\u00fczenlenen \u015eubat ay\u0131 personel toplant\u0131s\u0131nda yakla\u015fan Ramazan ay\u0131 \u00f6ncesi yap\u0131lacak \u00e7al\u0131\u015fmalar masaya yat\u0131r\u0131ld\u0131. S\u00f6ke \u0130l\u00e7e M\u00fcft\u00fcl\u00fc\u011f\u00fc Konferans Salonu\u2019nda Kur\u2019an-\u0131 Kerim tilaveti ile ba\u015flayan toplant\u0131ya m\u00fcft\u00fcl\u00fck personeli ve din g\u00f6revlileri kat\u0131ld\u0131. S\u00f6ke \u0130l\u00e7e M\u00fcft\u00fcs\u00fc H\u00fcseyin Taner ba\u015fkanl\u0131\u011f\u0131nda ger\u00e7ekle\u015ftirilen toplant\u0131da, Diyanet \u0130\u015fleri Ba\u015fkanl\u0131\u011f\u0131 Din Hizmetleri Uygulama Genelgesi ile Ramazan talimatlar\u0131nda&#8230;<\/p>\n","protected":false},"author":1,"featured_media":88533,"comment_status":"open","ping_status":"open","sticky":false,"template":"","format":"standard","meta":{"_crdt_document":"","footnotes":""},"categories":[1],"tags":[],"class_list":["post-88532","post","type-post","status-publish","format-standard","has-post-thumbnail","hentry","category-guncel"],"_links":{"self":[{"href":"https:\/\/www.egemtv.com\/index.php?rest_route=\/wp\/v2\/posts\/88532","targetHints":{"allow":["GET"]}}],"collection":[{"href":"https:\/\/www.egemtv.com\/index.php?rest_route=\/wp\/v2\/posts"}],"about":[{"href":"https:\/\/www.egemtv.com\/index.php?rest_route=\/wp\/v2\/types\/post"}],"author":[{"embeddable":true,"href":"https:\/\/www.egemtv.com\/index.php?rest_route=\/wp\/v2\/users\/1"}],"replies":[{"embeddable":true,"href":"https:\/\/www.egemtv.com\/index.php?rest_route=%2Fwp%2Fv2%2Fcomments&post=88532"}],"version-history":[{"count":1,"href":"https:\/\/www.egemtv.com\/index.php?rest_route=\/wp\/v2\/posts\/88532\/revisions"}],"predecessor-version":[{"id":88534,"href":"https:\/\/www.egemtv.com\/index.php?rest_route=\/wp\/v2\/posts\/88532\/revisions\/88534"}],"wp:featuredmedia":[{"embeddable":true,"href":"https:\/\/www.egemtv.com\/index.php?rest_route=\/wp\/v2\/media\/88533"}],"wp:attachment":[{"href":"https:\/\/www.egemtv.com\/index.php?rest_route=%2Fwp%2Fv2%2Fmedia&parent=88532"}],"wp:term":[{"taxonomy":"category","embeddable":true,"href":"https:\/\/www.egemtv.com\/index.php?rest_route=%2Fwp%2Fv2%2Fcategories&post=88532"},{"taxonomy":"post_tag","embeddable":true,"href":"https:\/\/www.egemtv.com\/index.php?rest_route=%2Fwp%2Fv2%2Ftags&post=88532"}],"curies":[{"name":"wp","href":"https:\/\/api.w.org\/{rel}","templated":true}]}}