{"id":88529,"date":"2026-02-17T14:55:00","date_gmt":"2026-02-17T11:55:00","guid":{"rendered":"https:\/\/www.egemtv.com\/?p=88529"},"modified":"2026-02-17T14:55:01","modified_gmt":"2026-02-17T11:55:01","slug":"efelerde-vatandaslara-gida-destegi","status":"publish","type":"post","link":"https:\/\/www.egemtv.com\/?p=88529","title":{"rendered":"Efeler\u2019de vatanda\u015flara g\u0131da deste\u011fi"},"content":{"rendered":"<p>On bir ay\u0131n sultan\u0131 Ramazan ay\u0131na say\u0131l\u0131 g\u00fcnler kala saha \u00e7al\u0131\u015fmalar\u0131n\u0131 h\u0131zland\u0131ran Efeler Belediyesi ekipleri, kap\u0131 kap\u0131 dola\u015farak g\u0131da kolilerini ihtiya\u00e7 sahibi vatanda\u015flara ula\u015ft\u0131r\u0131yor.<\/p>\n<p>Efeler Belediye Ba\u015fkan\u0131 An\u0131l Yeti\u015fkin \u00f6nc\u00fcl\u00fc\u011f\u00fcnde ihtiya\u00e7 sahibi ailelere y\u00f6nelik destek \u00e7al\u0131\u015fmalar\u0131n\u0131 h\u0131zland\u0131ran belediye ekipleri \u2019Karde\u015f Eli\u2019 projesi kapsam\u0131nda dar gelirli vatanda\u015flar\u0131n sofralar\u0131na umut oldu. Ramazan ay\u0131 \u00f6ncesinde sahaya inen Efeler Belediyesi Sosyal Yard\u0131m A\u011f\u0131 (EFESYA) ekipleri, il\u00e7enin farkl\u0131 noktalar\u0131nda belirlenen aileleri, evlerinde ziyaret ederek g\u0131da kolilerini tek tek teslim etti. Ayr\u0131ca ihtiya\u00e7 sahiplerine market al\u0131\u015fveri\u015flerinde kullanmalar\u0131 i\u00e7in al\u0131\u015fveri\u015f kart\u0131 da\u011f\u0131t\u0131m\u0131 da ba\u015flat\u0131l\u0131rken, kartlar, mahalle muhtarlar\u0131 arac\u0131l\u0131\u011f\u0131yla belirlenen ailelere ula\u015ft\u0131r\u0131l\u0131yor.<br \/>\n<br \/>Ramazan ay\u0131n\u0131n maneviyat\u0131na dikkat \u00e7eken ve bu g\u00fcnler payla\u015ft\u0131k\u00e7a daha g\u00fczel oldu\u011funa dikkat \u00e7eken Efeler Belediyesi, dayan\u0131\u015fma zincirini b\u00fcy\u00fctmek isteyen hay\u0131rsever vatanda\u015flar\u0131n da Efeler Belediyesi Efe Masa birimini veya \u00c7a\u011fr\u0131 Merkezi\u2019ni arayarak projeye katk\u0131 sa\u011flayabileceklerini hat\u0131rlatt\u0131.<br \/>\n<br \/>\u00c7al\u0131\u015fmalara ili\u015fkin a\u00e7\u0131klamada bulunan Efeler Belediye Ba\u015fkan\u0131 An\u0131l Yeti\u015fkin; &#8220;Ramazan, payla\u015fman\u0131n ve birbirini g\u00f6zetmenin ay\u0131d\u0131r. Hi\u00e7bir hem\u015fehrimizin kendini yaln\u0131z hissetmedi\u011fi bir Efeler i\u00e7in \u00e7al\u0131\u015f\u0131yoruz. Karde\u015f Eli Projemizle sofralara bereket, kalplere umut ta\u015f\u0131maya devam edece\u011fiz. Dayan\u0131\u015fmam\u0131z b\u00fcy\u00fcd\u00fck\u00e7e Efeler daha g\u00fc\u00e7l\u00fc olacak&#8221; dedi.<br \/><\/p>\n","protected":false},"excerpt":{"rendered":"<p>On bir ay\u0131n sultan\u0131 Ramazan ay\u0131na say\u0131l\u0131 g\u00fcnler kala saha \u00e7al\u0131\u015fmalar\u0131n\u0131 h\u0131zland\u0131ran Efeler Belediyesi ekipleri, kap\u0131 kap\u0131 dola\u015farak g\u0131da kolilerini ihtiya\u00e7 sahibi vatanda\u015flara ula\u015ft\u0131r\u0131yor. Efeler Belediye Ba\u015fkan\u0131 An\u0131l Yeti\u015fkin \u00f6nc\u00fcl\u00fc\u011f\u00fcnde ihtiya\u00e7 sahibi ailelere y\u00f6nelik destek \u00e7al\u0131\u015fmalar\u0131n\u0131 h\u0131zland\u0131ran belediye ekipleri \u2019Karde\u015f Eli\u2019 projesi kapsam\u0131nda dar gelirli vatanda\u015flar\u0131n sofralar\u0131na umut oldu. Ramazan ay\u0131 \u00f6ncesinde sahaya inen Efeler&#8230;<\/p>\n","protected":false},"author":1,"featured_media":88530,"comment_status":"open","ping_status":"open","sticky":false,"template":"","format":"standard","meta":{"_crdt_document":"","footnotes":""},"categories":[1],"tags":[],"class_list":["post-88529","post","type-post","status-publish","format-standard","has-post-thumbnail","hentry","category-guncel"],"_links":{"self":[{"href":"https:\/\/www.egemtv.com\/index.php?rest_route=\/wp\/v2\/posts\/88529","targetHints":{"allow":["GET"]}}],"collection":[{"href":"https:\/\/www.egemtv.com\/index.php?rest_route=\/wp\/v2\/posts"}],"about":[{"href":"https:\/\/www.egemtv.com\/index.php?rest_route=\/wp\/v2\/types\/post"}],"author":[{"embeddable":true,"href":"https:\/\/www.egemtv.com\/index.php?rest_route=\/wp\/v2\/users\/1"}],"replies":[{"embeddable":true,"href":"https:\/\/www.egemtv.com\/index.php?rest_route=%2Fwp%2Fv2%2Fcomments&post=88529"}],"version-history":[{"count":1,"href":"https:\/\/www.egemtv.com\/index.php?rest_route=\/wp\/v2\/posts\/88529\/revisions"}],"predecessor-version":[{"id":88531,"href":"https:\/\/www.egemtv.com\/index.php?rest_route=\/wp\/v2\/posts\/88529\/revisions\/88531"}],"wp:featuredmedia":[{"embeddable":true,"href":"https:\/\/www.egemtv.com\/index.php?rest_route=\/wp\/v2\/media\/88530"}],"wp:attachment":[{"href":"https:\/\/www.egemtv.com\/index.php?rest_route=%2Fwp%2Fv2%2Fmedia&parent=88529"}],"wp:term":[{"taxonomy":"category","embeddable":true,"href":"https:\/\/www.egemtv.com\/index.php?rest_route=%2Fwp%2Fv2%2Fcategories&post=88529"},{"taxonomy":"post_tag","embeddable":true,"href":"https:\/\/www.egemtv.com\/index.php?rest_route=%2Fwp%2Fv2%2Ftags&post=88529"}],"curies":[{"name":"wp","href":"https:\/\/api.w.org\/{rel}","templated":true}]}}