{"id":88526,"date":"2026-02-17T14:54:59","date_gmt":"2026-02-17T11:54:59","guid":{"rendered":"https:\/\/www.egemtv.com\/?p=88526"},"modified":"2026-02-17T14:55:00","modified_gmt":"2026-02-17T11:55:00","slug":"kusadasinda-okul-servisleri-denetlendi","status":"publish","type":"post","link":"https:\/\/www.egemtv.com\/?p=88526","title":{"rendered":"Ku\u015fadas\u0131\u2019nda okul servisleri denetlendi"},"content":{"rendered":"<p>Ku\u015fadas\u0131 Belediyesi Zab\u0131ta M\u00fcd\u00fcrl\u00fc\u011f\u00fc ekipleri, \u00e7ocuklar\u0131n g\u00fcvenli ula\u015f\u0131m hakk\u0131n\u0131 korumak amac\u0131yla kent genelinde faaliyet g\u00f6steren \u00f6\u011frenci servislerine y\u00f6nelik kapsaml\u0131 bir denetim ger\u00e7ekle\u015ftirdi. Sabah\u0131n erken saatlerinde ba\u015flayan uygulamada servis ara\u00e7lar\u0131 tek tek detayl\u0131 incelemeden ge\u00e7irildi.<\/p>\n<p>Denetimler, Ku\u015fadas\u0131 Belediyesi Zab\u0131ta M\u00fcd\u00fcrl\u00fc\u011f\u00fc ekiplerinin yan\u0131 s\u0131ra Ku\u015fadas\u0131 \u0130l\u00e7e Milli E\u011fitim M\u00fcd\u00fcrl\u00fc\u011f\u00fc ve \u0130l\u00e7e Trafik Jandarma Komutanl\u0131\u011f\u0131 ekiplerinin kat\u0131l\u0131m\u0131yla yap\u0131ld\u0131. Uygulamaya \u0130l\u00e7e Milli E\u011fitim M\u00fcd\u00fcr\u00fc \u0130brahim Ataman da e\u015flik etti. Kent genelinde \u00f6\u011frencilere hizmet veren servis ara\u00e7lar\u0131n\u0131n g\u00fcvenlik \u015fartlar\u0131na uygunlu\u011fu, ruhsat ve \u00e7al\u0131\u015fma belgeleri, s\u00fcr\u00fcc\u00fc evraklar\u0131 ve ara\u00e7 i\u00e7i donan\u0131mlar\u0131 titizlikle kontrol edildi. \u00d6zellikle emniyet kemerleri, rehber personel bulundurulmas\u0131, ara\u00e7 i\u00e7i d\u00fczen ve ta\u015f\u0131ma kapasitesi gibi kriterler \u00fczerinde hassasiyetle duruldu.<\/p>\n<p>Denetimlerde eksik evrak\u0131 ya da teknik yetersizli\u011fi bulunan servis ara\u00e7lar\u0131 hakk\u0131nda gerekli uyar\u0131lar yap\u0131l\u0131rken mevzuata uygun hareket edilmesinin \u00f6nemine dikkat \u00e7ekildi. Yetkililer, \u00e7ocuklar\u0131n g\u00fcvenli\u011finin her \u015feyden \u00f6nce geldi\u011fini vurgulayarak servis ta\u015f\u0131mac\u0131l\u0131\u011f\u0131nda en k\u00fc\u00e7\u00fck bir ihmale dahi izin verilmeyece\u011finin alt\u0131n\u0131 \u00e7izdi.<\/p>\n<p>Ku\u015fadas\u0131 Belediyesi yetkilileri, \u00f6\u011frencilerin sabah evlerinden g\u00fcvenle \u00e7\u0131k\u0131p, okullar\u0131na huzur i\u00e7inde ula\u015fmalar\u0131n\u0131 sa\u011flaman\u0131n \u00f6ncelikli sorumluluklar\u0131 oldu\u011funu belirterek benzer denetimlerin e\u011fitim-\u00f6\u011fretim y\u0131l\u0131 boyunca aral\u0131ks\u0131z devam edece\u011fini ifade etti.<br \/><\/p>\n","protected":false},"excerpt":{"rendered":"<p>Ku\u015fadas\u0131 Belediyesi Zab\u0131ta M\u00fcd\u00fcrl\u00fc\u011f\u00fc ekipleri, \u00e7ocuklar\u0131n g\u00fcvenli ula\u015f\u0131m hakk\u0131n\u0131 korumak amac\u0131yla kent genelinde faaliyet g\u00f6steren \u00f6\u011frenci servislerine y\u00f6nelik kapsaml\u0131 bir denetim ger\u00e7ekle\u015ftirdi. Sabah\u0131n erken saatlerinde ba\u015flayan uygulamada servis ara\u00e7lar\u0131 tek tek detayl\u0131 incelemeden ge\u00e7irildi. Denetimler, Ku\u015fadas\u0131 Belediyesi Zab\u0131ta M\u00fcd\u00fcrl\u00fc\u011f\u00fc ekiplerinin yan\u0131 s\u0131ra Ku\u015fadas\u0131 \u0130l\u00e7e Milli E\u011fitim M\u00fcd\u00fcrl\u00fc\u011f\u00fc ve \u0130l\u00e7e Trafik Jandarma Komutanl\u0131\u011f\u0131 ekiplerinin kat\u0131l\u0131m\u0131yla yap\u0131ld\u0131&#8230;.<\/p>\n","protected":false},"author":1,"featured_media":88527,"comment_status":"open","ping_status":"open","sticky":false,"template":"","format":"standard","meta":{"_crdt_document":"","footnotes":""},"categories":[1],"tags":[],"class_list":["post-88526","post","type-post","status-publish","format-standard","has-post-thumbnail","hentry","category-guncel"],"_links":{"self":[{"href":"https:\/\/www.egemtv.com\/index.php?rest_route=\/wp\/v2\/posts\/88526","targetHints":{"allow":["GET"]}}],"collection":[{"href":"https:\/\/www.egemtv.com\/index.php?rest_route=\/wp\/v2\/posts"}],"about":[{"href":"https:\/\/www.egemtv.com\/index.php?rest_route=\/wp\/v2\/types\/post"}],"author":[{"embeddable":true,"href":"https:\/\/www.egemtv.com\/index.php?rest_route=\/wp\/v2\/users\/1"}],"replies":[{"embeddable":true,"href":"https:\/\/www.egemtv.com\/index.php?rest_route=%2Fwp%2Fv2%2Fcomments&post=88526"}],"version-history":[{"count":1,"href":"https:\/\/www.egemtv.com\/index.php?rest_route=\/wp\/v2\/posts\/88526\/revisions"}],"predecessor-version":[{"id":88528,"href":"https:\/\/www.egemtv.com\/index.php?rest_route=\/wp\/v2\/posts\/88526\/revisions\/88528"}],"wp:featuredmedia":[{"embeddable":true,"href":"https:\/\/www.egemtv.com\/index.php?rest_route=\/wp\/v2\/media\/88527"}],"wp:attachment":[{"href":"https:\/\/www.egemtv.com\/index.php?rest_route=%2Fwp%2Fv2%2Fmedia&parent=88526"}],"wp:term":[{"taxonomy":"category","embeddable":true,"href":"https:\/\/www.egemtv.com\/index.php?rest_route=%2Fwp%2Fv2%2Fcategories&post=88526"},{"taxonomy":"post_tag","embeddable":true,"href":"https:\/\/www.egemtv.com\/index.php?rest_route=%2Fwp%2Fv2%2Ftags&post=88526"}],"curies":[{"name":"wp","href":"https:\/\/api.w.org\/{rel}","templated":true}]}}