{"id":88523,"date":"2026-02-17T14:54:58","date_gmt":"2026-02-17T11:54:58","guid":{"rendered":"https:\/\/www.egemtv.com\/?p=88523"},"modified":"2026-02-17T14:54:59","modified_gmt":"2026-02-17T11:54:59","slug":"mac-yaparken-hayatini-kaybetti-cenazesinde-gozyaslari-sel-oldu","status":"publish","type":"post","link":"https:\/\/www.egemtv.com\/?p=88523","title":{"rendered":"Ma\u00e7 yaparken hayat\u0131n\u0131 kaybetti, cenazesinde g\u00f6zya\u015flar\u0131 sel oldu"},"content":{"rendered":"<p>Manisa\u2019n\u0131n Ala\u015fehir il\u00e7esinde d\u00fcn ak\u015fam hal\u0131 sahada fenala\u015farak kald\u0131r\u0131ld\u0131\u011f\u0131 hastanede hayat\u0131n\u0131 kaybeden 45 ya\u015f\u0131ndaki Matematik \u00f6\u011fretmeni, g\u00f6zya\u015flar\u0131 aras\u0131nda son yolculu\u011funa u\u011furland\u0131.<br \/>\n<br \/>Manisa\u2019n\u0131n Ala\u015fehir il\u00e7esinde d\u00fcn gece hal\u0131 sahada futbol oynad\u0131\u011f\u0131 s\u0131rada ge\u00e7irdi\u011fi kalp krizi sonucu hayat\u0131n\u0131 kaybeden Matematik \u00f6\u011fretmeni Vedat Sar\u0131\u00e7am, d\u00fczenlenen cenaze t\u00f6reniyle topra\u011fa verildi. Edinilen bilgilere g\u00f6re, arkada\u015flar\u0131yla birlikte hal\u0131 sahada ma\u00e7 yapan Vedat Sar\u0131\u00e7am aniden fenala\u015ft\u0131. Olay yerine \u00e7a\u011fr\u0131lan sa\u011fl\u0131k ekiplerinin t\u00fcm m\u00fcdahalelerine ra\u011fmen kurtar\u0131lamayan Sar\u0131\u00e7am\u2019\u0131n vefat\u0131, ailesi ve e\u011fitim camias\u0131n\u0131 yasa bo\u011fdu.<br \/>\n<br \/>Merhum \u00f6\u011fretmen i\u00e7in Ala\u015fehir\u2019deki Hac\u0131 Hac\u0131bey Camii\u2019nde \u00f6\u011fle namaz\u0131n\u0131 m\u00fcteakip cenaze namaz\u0131 k\u0131l\u0131nd\u0131. K\u0131l\u0131nan cenaze namaz\u0131n\u0131n ard\u0131ndan Sar\u0131\u00e7am\u2019\u0131n naa\u015f\u0131 Yeni Mezarl\u0131k\u2019ta dualarla topra\u011fa verildi. Gen\u00e7 ya\u015fta hayat\u0131n\u0131 kaybeden \u00f6\u011fretmen Vedat Sar\u0131\u00e7am\u2019\u0131n vefat\u0131, e\u011fitim camias\u0131nda derin \u00fcz\u00fcnt\u00fcye neden oldu. 45 ya\u015f\u0131ndaki Vedat Sar\u0131\u00e7am evli ve 3 \u00e7ocuk babas\u0131yd\u0131.<br \/>\n<br \/>Cenaze t\u00f6renine Ala\u015fehir Kaymakam\u0131 Alper Faruk G\u00fcng\u00f6r, Ala\u015fehir Belediye Ba\u015fkan Vekili Erol Kacar, Manisa \u0130l Mill\u00ee E\u011fitim M\u00fcd\u00fcr\u00fc Mehmet U\u011furelli, Ala\u015fehir \u0130l\u00e7e Mill\u00ee E\u011fitim M\u00fcd\u00fcr\u00fc Fikri \u00c7etinkaya, merhumun e\u015fi K\u00fcbra Sar\u0131\u00e7am, babas\u0131 Mehmet Sar\u0131\u00e7am, ailesi, meslekta\u015flar\u0131, \u00f6\u011frencileri ve \u00e7ok say\u0131da vatanda\u015f kat\u0131ld\u0131.<br \/><\/p>\n","protected":false},"excerpt":{"rendered":"<p>Manisa\u2019n\u0131n Ala\u015fehir il\u00e7esinde d\u00fcn ak\u015fam hal\u0131 sahada fenala\u015farak kald\u0131r\u0131ld\u0131\u011f\u0131 hastanede hayat\u0131n\u0131 kaybeden 45 ya\u015f\u0131ndaki Matematik \u00f6\u011fretmeni, g\u00f6zya\u015flar\u0131 aras\u0131nda son yolculu\u011funa u\u011furland\u0131. Manisa\u2019n\u0131n Ala\u015fehir il\u00e7esinde d\u00fcn gece hal\u0131 sahada futbol oynad\u0131\u011f\u0131 s\u0131rada ge\u00e7irdi\u011fi kalp krizi sonucu hayat\u0131n\u0131 kaybeden Matematik \u00f6\u011fretmeni Vedat Sar\u0131\u00e7am, d\u00fczenlenen cenaze t\u00f6reniyle topra\u011fa verildi. Edinilen bilgilere g\u00f6re, arkada\u015flar\u0131yla birlikte hal\u0131 sahada ma\u00e7 yapan&#8230;<\/p>\n","protected":false},"author":1,"featured_media":88524,"comment_status":"open","ping_status":"open","sticky":false,"template":"","format":"standard","meta":{"_crdt_document":"","footnotes":""},"categories":[5],"tags":[],"class_list":["post-88523","post","type-post","status-publish","format-standard","has-post-thumbnail","hentry","category-asayis"],"_links":{"self":[{"href":"https:\/\/www.egemtv.com\/index.php?rest_route=\/wp\/v2\/posts\/88523","targetHints":{"allow":["GET"]}}],"collection":[{"href":"https:\/\/www.egemtv.com\/index.php?rest_route=\/wp\/v2\/posts"}],"about":[{"href":"https:\/\/www.egemtv.com\/index.php?rest_route=\/wp\/v2\/types\/post"}],"author":[{"embeddable":true,"href":"https:\/\/www.egemtv.com\/index.php?rest_route=\/wp\/v2\/users\/1"}],"replies":[{"embeddable":true,"href":"https:\/\/www.egemtv.com\/index.php?rest_route=%2Fwp%2Fv2%2Fcomments&post=88523"}],"version-history":[{"count":1,"href":"https:\/\/www.egemtv.com\/index.php?rest_route=\/wp\/v2\/posts\/88523\/revisions"}],"predecessor-version":[{"id":88525,"href":"https:\/\/www.egemtv.com\/index.php?rest_route=\/wp\/v2\/posts\/88523\/revisions\/88525"}],"wp:featuredmedia":[{"embeddable":true,"href":"https:\/\/www.egemtv.com\/index.php?rest_route=\/wp\/v2\/media\/88524"}],"wp:attachment":[{"href":"https:\/\/www.egemtv.com\/index.php?rest_route=%2Fwp%2Fv2%2Fmedia&parent=88523"}],"wp:term":[{"taxonomy":"category","embeddable":true,"href":"https:\/\/www.egemtv.com\/index.php?rest_route=%2Fwp%2Fv2%2Fcategories&post=88523"},{"taxonomy":"post_tag","embeddable":true,"href":"https:\/\/www.egemtv.com\/index.php?rest_route=%2Fwp%2Fv2%2Ftags&post=88523"}],"curies":[{"name":"wp","href":"https:\/\/api.w.org\/{rel}","templated":true}]}}