{"id":88520,"date":"2026-02-17T14:54:57","date_gmt":"2026-02-17T11:54:57","guid":{"rendered":"https:\/\/www.egemtv.com\/?p=88520"},"modified":"2026-02-17T14:54:58","modified_gmt":"2026-02-17T11:54:58","slug":"didim-belediyesi-ramazanda-iftar-sofralari-kuruyor","status":"publish","type":"post","link":"https:\/\/www.egemtv.com\/?p=88520","title":{"rendered":"Didim Belediyesi Ramazan\u2019da iftar sofralar\u0131 kuruyor"},"content":{"rendered":"<p>\u0130slam alemi i\u00e7in b\u00fcy\u00fck \u00f6nem ta\u015f\u0131yan Ramazan ay\u0131 19 \u015eubat Per\u015fembe g\u00fcn\u00fc ba\u015fl\u0131yor. Ramazan ay\u0131n\u0131n ba\u015flamas\u0131yla birlikte birlik, beraberlik ve dayan\u0131\u015fma ruhunu peki\u015ftirmek amac\u0131yla Didim Belediyesi, Didim halk\u0131n\u0131 iftar sofralar\u0131nda bulu\u015fturuyor.<\/p>\n<p>Ramazan ay\u0131 boyunca il\u00e7e genelinde d\u00fczenlenecek programlarda Didim Belediyesi, kentin farkl\u0131 mahallelerinde iftar sofralar\u0131 kuracak. Program 19 \u015eubat Per\u015fembe g\u00fcn\u00fc Didim Kent Lokantas\u0131nda ba\u015fl\u0131yor. Ard\u0131ndan s\u0131rayla 20 \u015eubat\u2019ta Fevzipa\u015fa Mahallesi, Akbudak \u0130lkokulu bah\u00e7esi, 23 \u015eubat\u2019ta Akb\u00fck Mahallesi Akb\u00fck liman\u0131, 26 \u015eubat\u2019ta Yal\u0131k\u00f6y Mahallesi Pazar yeri, 2 Mart\u2019ta Akyenik\u00f6y  Mahallesi Pazar yeri, 5 Mart\u2019ta Akk\u00f6y Mahallesi Pazar yeri, 9 Mart\u2019ta Balat Mahallesi Pazar yeri, 10 Mart\u2019ta Bat\u0131k\u00f6y Mahallesi Muhtarl\u0131k n\u00fc, 12 Mart\u2019ta Denizk\u00f6y Mahallesi A\u00e7\u0131k D\u00fc\u011f\u00fcn Salonu ve 16 Mart\u2019ta Didim Cumhuriyet Kent Meydan\u0131nda ger\u00e7ekle\u015ftirilecek.<\/p>\n<p>Didim Belediye Ba\u015fkan\u0131 Hatice Gen\u00e7ay, Ramazan ay\u0131n\u0131n manevi atmosferini birlikte payla\u015fmak istediklerini belirterek, &#8220;Birlik, beraberlik ve dayan\u0131\u015fma duygular\u0131n\u0131n peki\u015fti\u011fi Ramazan ay\u0131nda halk\u0131m\u0131zla ayn\u0131 sofrada bulu\u015faca\u011f\u0131z. Payla\u015fman\u0131n ve dayan\u0131\u015fman\u0131n en g\u00fczel \u00f6rneklerinden biri olan iftar programlar\u0131m\u0131za t\u00fcm halk\u0131m\u0131z\u0131 davet ediyorum&#8221; dedi.<br \/><\/p>\n","protected":false},"excerpt":{"rendered":"<p>\u0130slam alemi i\u00e7in b\u00fcy\u00fck \u00f6nem ta\u015f\u0131yan Ramazan ay\u0131 19 \u015eubat Per\u015fembe g\u00fcn\u00fc ba\u015fl\u0131yor. Ramazan ay\u0131n\u0131n ba\u015flamas\u0131yla birlikte birlik, beraberlik ve dayan\u0131\u015fma ruhunu peki\u015ftirmek amac\u0131yla Didim Belediyesi, Didim halk\u0131n\u0131 iftar sofralar\u0131nda bulu\u015fturuyor. Ramazan ay\u0131 boyunca il\u00e7e genelinde d\u00fczenlenecek programlarda Didim Belediyesi, kentin farkl\u0131 mahallelerinde iftar sofralar\u0131 kuracak. Program 19 \u015eubat Per\u015fembe g\u00fcn\u00fc Didim Kent Lokantas\u0131nda ba\u015fl\u0131yor&#8230;.<\/p>\n","protected":false},"author":1,"featured_media":88521,"comment_status":"open","ping_status":"open","sticky":false,"template":"","format":"standard","meta":{"_crdt_document":"","footnotes":""},"categories":[1],"tags":[],"class_list":["post-88520","post","type-post","status-publish","format-standard","has-post-thumbnail","hentry","category-guncel"],"_links":{"self":[{"href":"https:\/\/www.egemtv.com\/index.php?rest_route=\/wp\/v2\/posts\/88520","targetHints":{"allow":["GET"]}}],"collection":[{"href":"https:\/\/www.egemtv.com\/index.php?rest_route=\/wp\/v2\/posts"}],"about":[{"href":"https:\/\/www.egemtv.com\/index.php?rest_route=\/wp\/v2\/types\/post"}],"author":[{"embeddable":true,"href":"https:\/\/www.egemtv.com\/index.php?rest_route=\/wp\/v2\/users\/1"}],"replies":[{"embeddable":true,"href":"https:\/\/www.egemtv.com\/index.php?rest_route=%2Fwp%2Fv2%2Fcomments&post=88520"}],"version-history":[{"count":1,"href":"https:\/\/www.egemtv.com\/index.php?rest_route=\/wp\/v2\/posts\/88520\/revisions"}],"predecessor-version":[{"id":88522,"href":"https:\/\/www.egemtv.com\/index.php?rest_route=\/wp\/v2\/posts\/88520\/revisions\/88522"}],"wp:featuredmedia":[{"embeddable":true,"href":"https:\/\/www.egemtv.com\/index.php?rest_route=\/wp\/v2\/media\/88521"}],"wp:attachment":[{"href":"https:\/\/www.egemtv.com\/index.php?rest_route=%2Fwp%2Fv2%2Fmedia&parent=88520"}],"wp:term":[{"taxonomy":"category","embeddable":true,"href":"https:\/\/www.egemtv.com\/index.php?rest_route=%2Fwp%2Fv2%2Fcategories&post=88520"},{"taxonomy":"post_tag","embeddable":true,"href":"https:\/\/www.egemtv.com\/index.php?rest_route=%2Fwp%2Fv2%2Ftags&post=88520"}],"curies":[{"name":"wp","href":"https:\/\/api.w.org\/{rel}","templated":true}]}}