{"id":88514,"date":"2026-02-17T14:35:23","date_gmt":"2026-02-17T11:35:23","guid":{"rendered":"https:\/\/www.egemtv.com\/?p=88514"},"modified":"2026-02-17T14:35:24","modified_gmt":"2026-02-17T11:35:24","slug":"denizlili-yuzucu-turkiye-sampiyonu-oldu","status":"publish","type":"post","link":"https:\/\/www.egemtv.com\/?p=88514","title":{"rendered":"Denizlili y\u00fcz\u00fcc\u00fc T\u00fcrkiye \u015fampiyonu oldu"},"content":{"rendered":"<p>T\u00fcrkiye A\u00e7\u0131k Su Y\u00fczme K\u0131\u015f \u015eampiyonas\u0131 12-15 \u015eubat tarihleri aras\u0131nda Antalya\u2019da ger\u00e7ekle\u015fti. T\u00fcrkiye genelinden 334 sporcunun yar\u0131\u015ft\u0131\u011f\u0131 \u015fampiyonada, Denizli Gen\u00e7lik ve Spor \u0130l M\u00fcd\u00fcrl\u00fc\u011f\u00fc Spor Kul\u00fcb\u00fc sporcusu \u0130brahim Kaan Polat, 13 ya\u015f kategorisi 3 kilometre yar\u0131\u015f\u0131nda T\u00fcrkiye \u015eampiyonu oldu.<\/p>\n<p>Denizlili y\u00fcz\u00fcc\u00fcler ulusal alanda elde ettikleri ba\u015far\u0131lara bir yenisini daha ekledi. T\u00fcrkiye Y\u00fczme Federasyonu\u2019nun Antalya\u2019da d\u00fczenledi\u011fi T\u00fcrkiye A\u00e7\u0131k Su Y\u00fczme K\u0131\u015f \u015eampiyonas\u0131\u2019nda m\u00fccadele eden  Denizli Gen\u00e7lik ve Spor \u0130l M\u00fcd\u00fcrl\u00fc\u011f\u00fc Spor Kul\u00fcb\u00fc sporcusu \u0130brahim Kaan Polat, 13 ya\u015f kategorisi 3 kilometre yar\u0131\u015f\u0131nda \u00fcst\u00fcn bir performans sergileyerek T\u00fcrkiye \u015eampiyonu oldu. Yar\u0131\u015f boyunca temposunu koruyan ve son b\u00f6l\u00fcmde fark\u0131n\u0131 ortaya koyan gen\u00e7 sporcu, k\u00fcrs\u00fcn\u00fcn zirvesine \u00e7\u0131karak Denizli\u2019ye b\u00fcy\u00fck gurur ya\u015fatt\u0131.<br \/>\n<br \/>\u015eampiyonada Denizli Gen\u00e7lik Spor \u0130l M\u00fcd\u00fcrl\u00fc\u011f\u00fc Spor Kul\u00fcb\u00fc y\u00fcz\u00fcc\u00fcleri Eslina Rengin Kepenek, 12 Ya\u015f kategorisi 2 kilometre yar\u0131\u015f\u0131nda T\u00fcrkiye D\u00f6rd\u00fcnc\u00fcl\u00fc\u011f\u00fcn\u00fc elde ederken, Recep Erdem B\u0131\u00e7akl\u0131 ise 13 Ya\u015f kategorisi 3 kilometre yar\u0131\u015f\u0131n\u0131 T\u00fcrkiye Be\u015fincisi olarak tamamlad\u0131. Zorlu rekabetin ya\u015fand\u0131\u011f\u0131 organizasyonda Denizli ekibi, g\u00f6sterdi\u011fi disiplinli performans ve tak\u0131m ruhuyla dikkat \u00e7ekti. Denizli Gen\u00e7lik ve Spor \u0130l M\u00fcd\u00fcrl\u00fc\u011f\u00fc Spor Kul\u00fcb\u00fc, farkl\u0131 ya\u015f kategorilerinde elde etti\u011fi derecelerle altyap\u0131 \u00e7al\u0131\u015fmalar\u0131n\u0131n meyvelerini toplamaya devam etti.<\/p>\n<p>Elde edilen ba\u015far\u0131n\u0131n Denizli ad\u0131na b\u00fcy\u00fck bir gurur kayna\u011f\u0131 oldu\u011funu vurgulayan Denizli Gen\u00e7lik ve Spor \u0130l M\u00fcd\u00fcr\u00fc S\u00fcleyman Erdo\u011fan,  Antalya\u2019da d\u00fczenlenen organizasyonda sporcular\u0131n ortaya koydu\u011fu azim ve disiplinli m\u00fccadelenin takdire \u015fayan oldu\u011funu ifade etti. Denizli olarak spor altyap\u0131s\u0131na yat\u0131r\u0131m yapmaya devam edeceklerini ifade eden Erdo\u011fan; t\u00fcm sporcular\u0131 ve anten\u00f6rleri Yusuf Ba\u015far, \u00c7i\u011fdem Ekmek\u00e7i ve Elif Ats\u0131z\u2019\u0131 tebrik ederek, bu gururun ortak bir eme\u011fin sonucu oldu\u011funu kaydetti.<br \/><\/p>\n","protected":false},"excerpt":{"rendered":"<p>T\u00fcrkiye A\u00e7\u0131k Su Y\u00fczme K\u0131\u015f \u015eampiyonas\u0131 12-15 \u015eubat tarihleri aras\u0131nda Antalya\u2019da ger\u00e7ekle\u015fti. T\u00fcrkiye genelinden 334 sporcunun yar\u0131\u015ft\u0131\u011f\u0131 \u015fampiyonada, Denizli Gen\u00e7lik ve Spor \u0130l M\u00fcd\u00fcrl\u00fc\u011f\u00fc Spor Kul\u00fcb\u00fc sporcusu \u0130brahim Kaan Polat, 13 ya\u015f kategorisi 3 kilometre yar\u0131\u015f\u0131nda T\u00fcrkiye \u015eampiyonu oldu. Denizlili y\u00fcz\u00fcc\u00fcler ulusal alanda elde ettikleri ba\u015far\u0131lara bir yenisini daha ekledi. T\u00fcrkiye Y\u00fczme Federasyonu\u2019nun Antalya\u2019da d\u00fczenledi\u011fi&#8230;<\/p>\n","protected":false},"author":1,"featured_media":88515,"comment_status":"open","ping_status":"open","sticky":false,"template":"","format":"standard","meta":{"_crdt_document":"","footnotes":""},"categories":[4],"tags":[],"class_list":["post-88514","post","type-post","status-publish","format-standard","has-post-thumbnail","hentry","category-spor"],"_links":{"self":[{"href":"https:\/\/www.egemtv.com\/index.php?rest_route=\/wp\/v2\/posts\/88514","targetHints":{"allow":["GET"]}}],"collection":[{"href":"https:\/\/www.egemtv.com\/index.php?rest_route=\/wp\/v2\/posts"}],"about":[{"href":"https:\/\/www.egemtv.com\/index.php?rest_route=\/wp\/v2\/types\/post"}],"author":[{"embeddable":true,"href":"https:\/\/www.egemtv.com\/index.php?rest_route=\/wp\/v2\/users\/1"}],"replies":[{"embeddable":true,"href":"https:\/\/www.egemtv.com\/index.php?rest_route=%2Fwp%2Fv2%2Fcomments&post=88514"}],"version-history":[{"count":1,"href":"https:\/\/www.egemtv.com\/index.php?rest_route=\/wp\/v2\/posts\/88514\/revisions"}],"predecessor-version":[{"id":88516,"href":"https:\/\/www.egemtv.com\/index.php?rest_route=\/wp\/v2\/posts\/88514\/revisions\/88516"}],"wp:featuredmedia":[{"embeddable":true,"href":"https:\/\/www.egemtv.com\/index.php?rest_route=\/wp\/v2\/media\/88515"}],"wp:attachment":[{"href":"https:\/\/www.egemtv.com\/index.php?rest_route=%2Fwp%2Fv2%2Fmedia&parent=88514"}],"wp:term":[{"taxonomy":"category","embeddable":true,"href":"https:\/\/www.egemtv.com\/index.php?rest_route=%2Fwp%2Fv2%2Fcategories&post=88514"},{"taxonomy":"post_tag","embeddable":true,"href":"https:\/\/www.egemtv.com\/index.php?rest_route=%2Fwp%2Fv2%2Ftags&post=88514"}],"curies":[{"name":"wp","href":"https:\/\/api.w.org\/{rel}","templated":true}]}}