{"id":88511,"date":"2026-02-17T14:35:22","date_gmt":"2026-02-17T11:35:22","guid":{"rendered":"https:\/\/www.egemtv.com\/?p=88511"},"modified":"2026-02-17T14:35:23","modified_gmt":"2026-02-17T11:35:23","slug":"menemende-istinat-duvari-coken-binanin-muteahhidi-gozaltina-alindi","status":"publish","type":"post","link":"https:\/\/www.egemtv.com\/?p=88511","title":{"rendered":"Menemen\u2019de istinat duvar\u0131 \u00e7\u00f6ken binan\u0131n m\u00fcteahhidi g\u00f6zalt\u0131na al\u0131nd\u0131"},"content":{"rendered":"<p>\u0130zmir\u2019in Menemen il\u00e7esinde istinat duvar\u0131n\u0131n \u00e7\u00f6kmesi sonucu 4 binan\u0131n hasar g\u00f6rd\u00fc\u011f\u00fc olayla ilgili ba\u015flat\u0131lan soru\u015fturma kapsam\u0131nda m\u00fcteahhit g\u00f6zalt\u0131na al\u0131nd\u0131.<br \/>\n<br \/>Olay, 29 Ekim Mahallesi\u2019nde ge\u00e7ti\u011fimiz cumartesi g\u00fcn\u00fc meydana geldi. Ya\u015fanan heyelanla birlikte bir sitenin istinat duvar\u0131n\u0131n \u00e7\u00f6kmesi sonucu park halindeki 7 otomobil ve 4 bina hasar g\u00f6rd\u00fc. Can kayb\u0131 veya yaralanman\u0131n ya\u015fanmad\u0131\u011f\u0131 olay sonras\u0131 riskli bulunan binalardaki vatanda\u015flar tahliye edildi. Evlerinden \u00e7\u0131kar\u0131lan 151 site sakini, belediyelere ait misafirhanelere yerle\u015ftirildi. Menemen Belediyesi ekipleri, \u00e7\u00f6kmenin ya\u015fand\u0131\u011f\u0131 b\u00f6lgede yo\u011fun bir \u00e7al\u0131\u015fma y\u00fcr\u00fct\u00fcyor. Ekipler, \u00fcst k\u0131s\u0131mda bulunan toprak alan\u0131n g\u00f6\u00e7en yola ve binalara ek y\u00fck bindirmemesi i\u00e7in i\u015f makineleriyle toprak tahliyesi yap\u0131yor.<br \/>\n<br \/>Menemen Cumhuriyet Ba\u015fsavc\u0131l\u0131\u011f\u0131, istinat duvar\u0131n\u0131n \u00e7\u00f6kmesiyle ilgili soru\u015fturma ba\u015flatt\u0131. Soru\u015fturma kapsam\u0131nda polis ekipleri, istinat duvar\u0131n\u0131 yapan m\u00fcteahhit B.\u015e.\u2019yi g\u00f6zalt\u0131na ald\u0131. \u015e\u00fcphelinin emniyetteki i\u015flemleri s\u00fcr\u00fcyor.<br \/><\/p>\n","protected":false},"excerpt":{"rendered":"<p>\u0130zmir\u2019in Menemen il\u00e7esinde istinat duvar\u0131n\u0131n \u00e7\u00f6kmesi sonucu 4 binan\u0131n hasar g\u00f6rd\u00fc\u011f\u00fc olayla ilgili ba\u015flat\u0131lan soru\u015fturma kapsam\u0131nda m\u00fcteahhit g\u00f6zalt\u0131na al\u0131nd\u0131. Olay, 29 Ekim Mahallesi\u2019nde ge\u00e7ti\u011fimiz cumartesi g\u00fcn\u00fc meydana geldi. Ya\u015fanan heyelanla birlikte bir sitenin istinat duvar\u0131n\u0131n \u00e7\u00f6kmesi sonucu park halindeki 7 otomobil ve 4 bina hasar g\u00f6rd\u00fc. Can kayb\u0131 veya yaralanman\u0131n ya\u015fanmad\u0131\u011f\u0131 olay sonras\u0131 riskli bulunan&#8230;<\/p>\n","protected":false},"author":1,"featured_media":88512,"comment_status":"open","ping_status":"open","sticky":false,"template":"","format":"standard","meta":{"_crdt_document":"","footnotes":""},"categories":[5],"tags":[],"class_list":["post-88511","post","type-post","status-publish","format-standard","has-post-thumbnail","hentry","category-asayis"],"_links":{"self":[{"href":"https:\/\/www.egemtv.com\/index.php?rest_route=\/wp\/v2\/posts\/88511","targetHints":{"allow":["GET"]}}],"collection":[{"href":"https:\/\/www.egemtv.com\/index.php?rest_route=\/wp\/v2\/posts"}],"about":[{"href":"https:\/\/www.egemtv.com\/index.php?rest_route=\/wp\/v2\/types\/post"}],"author":[{"embeddable":true,"href":"https:\/\/www.egemtv.com\/index.php?rest_route=\/wp\/v2\/users\/1"}],"replies":[{"embeddable":true,"href":"https:\/\/www.egemtv.com\/index.php?rest_route=%2Fwp%2Fv2%2Fcomments&post=88511"}],"version-history":[{"count":1,"href":"https:\/\/www.egemtv.com\/index.php?rest_route=\/wp\/v2\/posts\/88511\/revisions"}],"predecessor-version":[{"id":88513,"href":"https:\/\/www.egemtv.com\/index.php?rest_route=\/wp\/v2\/posts\/88511\/revisions\/88513"}],"wp:featuredmedia":[{"embeddable":true,"href":"https:\/\/www.egemtv.com\/index.php?rest_route=\/wp\/v2\/media\/88512"}],"wp:attachment":[{"href":"https:\/\/www.egemtv.com\/index.php?rest_route=%2Fwp%2Fv2%2Fmedia&parent=88511"}],"wp:term":[{"taxonomy":"category","embeddable":true,"href":"https:\/\/www.egemtv.com\/index.php?rest_route=%2Fwp%2Fv2%2Fcategories&post=88511"},{"taxonomy":"post_tag","embeddable":true,"href":"https:\/\/www.egemtv.com\/index.php?rest_route=%2Fwp%2Fv2%2Ftags&post=88511"}],"curies":[{"name":"wp","href":"https:\/\/api.w.org\/{rel}","templated":true}]}}