{"id":88508,"date":"2026-02-17T14:35:20","date_gmt":"2026-02-17T11:35:20","guid":{"rendered":"https:\/\/www.egemtv.com\/?p=88508"},"modified":"2026-02-17T14:35:22","modified_gmt":"2026-02-17T11:35:22","slug":"ucak-hedefleri-milli-ve-manevi-degerleri-zayiflatmak","status":"publish","type":"post","link":"https:\/\/www.egemtv.com\/?p=88508","title":{"rendered":"U\u00e7ak, &#8220;Hedefleri milli ve manevi de\u011ferleri zay\u0131flatmak&#8221;"},"content":{"rendered":"<p>Milli E\u011fitim Bakanl\u0131\u011f\u0131 taraf\u0131ndan Ramazan ay\u0131nda okullarda d\u00fczenlenecek \u2018Maarifin kalbinde Ramazan\u2019 etkinliklerine kar\u015f\u0131 \u00e7\u0131kan sendikalara tepki g\u00f6steren E\u011fitim-Bir-Sen Mu\u011fla \u015eube Ba\u015fkan\u0131 \u00d6nder U\u00e7ak, ama\u00e7lar\u0131n\u0131n milli ve manevi de\u011ferleri zay\u0131flatmak oldu\u011funu a\u00e7\u0131klad\u0131.<br \/>\n<br \/>U\u00e7ak yapt\u0131\u011f\u0131 a\u00e7\u0131klamada, &#8220;Milli E\u011fitim Bakanl\u0131\u011f\u0131\u2019n\u0131n, 11 ay\u0131n sultan\u0131 Ramazan-\u0131 \u015eerif\u2019in manevi iklimini okullar\u0131m\u0131zda hissettirmek amac\u0131yla planlad\u0131\u011f\u0131 etkinlikler malum sendikalar\u0131 yine rahats\u0131z etmi\u015ftir. Malum sendikalar el birli\u011fi yaparak, milletimizin ruh k\u00f6k\u00fcne olan d\u00fc\u015fmanl\u0131klar\u0131n\u0131 bir kez daha tescillemi\u015flerdir. D\u00fcnya\u2019n\u0131n \u00f6b\u00fcr ucunda gayrim\u00fcslimler bile Ramazan ay\u0131na, oru\u00e7 tutana ve \u0130slam\u2019\u0131n kutsallar\u0131na sayg\u0131 g\u00f6sterip mesai saatlerini buna g\u00f6re ayarlarken; i\u00e7imizdeki bu yap\u0131lar sendikal eylem kararlar\u0131yla maneviyata sava\u015f a\u00e7maktad\u0131r. Noel a\u011fac\u0131 s\u00fcslenirken, cad\u0131lar bayram\u0131 kutlan\u0131rken \u2018Bilimsellik\u2019 diyenler; konu Ramazan olunca m\u0131 laikli\u011fi hat\u0131rl\u0131yor? Aileden, evlilikten ve \u00e7ocuktan rahats\u0131z olan, bu kutsal kavramlar\u0131n ge\u00e7ti\u011fi seminerleri \u2018Bilim d\u0131\u015f\u0131\u2019 g\u00f6ren bir anlay\u0131\u015f\u0131n, bu milletin evlatlar\u0131na verece\u011fi ne kalm\u0131\u015ft\u0131r? Bu yap\u0131lar\u0131n derdi sadece Ramazan etkinlikleri de\u011fildir. Biz bunlar\u0131; 2021 y\u0131l\u0131nda ald\u0131klar\u0131 k\u0131l\u0131k-k\u0131yafet eylem kararlar\u0131nda, \u00fcyelerine \u2018Dinsel ve mezhepsel simgeleri ifade etmeyen\u2019 k\u0131yafetleri dayatmalar\u0131ndan tan\u0131yoruz. \u0130nanc\u0131 gere\u011fi giyinen e\u011fitimciye tahamm\u00fcl edemeyen bu zihniyet, bug\u00fcn de Ramazan\u2019\u0131n bereketinden rahats\u0131z olmaktad\u0131r. Konu sapk\u0131n ideolojiler oldu\u011funda halay ba\u015f\u0131 olup mendil sallayanlar, k\u00f6rpe zihinlere e\u015fcinsellik zehrini ak\u0131tmak i\u00e7in karatahtalar\u0131 mora boyayanlar; mesele bu milletin dini, iman\u0131 ve Ramazan\u2019\u0131 olunca birden \u2018pedagoji\u2019 k\u00fcrs\u00fcs\u00fcne \u00e7\u0131k\u0131p millete parmak sallamaya ba\u015fl\u0131yor! \u00dcstelik bunu yaparken y\u00fczleri bile k\u0131zarm\u0131yor. Toplu s\u00f6zle\u015fme kazan\u0131m\u0131m\u0131z olan Cuma namaz\u0131 iznini iptal ettirmek i\u00e7in mahkeme kap\u0131lar\u0131nda ko\u015fanlar, bug\u00fcn de \u00e7ocuklar\u0131m\u0131z\u0131n Ramazan ne\u015fesine engel olmak istemektedir. Ancak \u015funu iyi bilsinler: Bu topraklar\u0131n mayas\u0131 \u0130slam\u2019d\u0131r. Kendi medeniyet de\u011ferlerine yabanc\u0131, \u2018\u00e7a\u011fda\u015fl\u0131k\u2019 maskesiyle inan\u00e7 d\u00fc\u015fmanl\u0131\u011f\u0131 yapanlara kar\u015f\u0131 m\u00fccadelemiz kararl\u0131l\u0131kla s\u00fcrecektir. E\u011fitim-Bir-Sen Mu\u011fla \u015eubesi olarak; kalbinde Allah ve Peygamber sevgisi ta\u015f\u0131yan, Ramazan\u2019\u0131n manevi atmosferine sayg\u0131 duyan t\u00fcm e\u011fitimcileri, bu k\u00f6ks\u00fcz yap\u0131lara kar\u015f\u0131 net bir tav\u0131r almaya davet ediyoruz. De\u011ferlerimize has\u0131m olanlara, milli e\u011fitimimizi maneviyattan koparmaya \u00e7al\u0131\u015fanlara asla ge\u00e7it vermeyece\u011fiz&#8221; dedi.<br \/><\/p>\n","protected":false},"excerpt":{"rendered":"<p>Milli E\u011fitim Bakanl\u0131\u011f\u0131 taraf\u0131ndan Ramazan ay\u0131nda okullarda d\u00fczenlenecek \u2018Maarifin kalbinde Ramazan\u2019 etkinliklerine kar\u015f\u0131 \u00e7\u0131kan sendikalara tepki g\u00f6steren E\u011fitim-Bir-Sen Mu\u011fla \u015eube Ba\u015fkan\u0131 \u00d6nder U\u00e7ak, ama\u00e7lar\u0131n\u0131n milli ve manevi de\u011ferleri zay\u0131flatmak oldu\u011funu a\u00e7\u0131klad\u0131. U\u00e7ak yapt\u0131\u011f\u0131 a\u00e7\u0131klamada, &#8220;Milli E\u011fitim Bakanl\u0131\u011f\u0131\u2019n\u0131n, 11 ay\u0131n sultan\u0131 Ramazan-\u0131 \u015eerif\u2019in manevi iklimini okullar\u0131m\u0131zda hissettirmek amac\u0131yla planlad\u0131\u011f\u0131 etkinlikler malum sendikalar\u0131 yine rahats\u0131z etmi\u015ftir. Malum&#8230;<\/p>\n","protected":false},"author":1,"featured_media":88509,"comment_status":"open","ping_status":"open","sticky":false,"template":"","format":"standard","meta":{"_crdt_document":"","footnotes":""},"categories":[1],"tags":[],"class_list":["post-88508","post","type-post","status-publish","format-standard","has-post-thumbnail","hentry","category-guncel"],"_links":{"self":[{"href":"https:\/\/www.egemtv.com\/index.php?rest_route=\/wp\/v2\/posts\/88508","targetHints":{"allow":["GET"]}}],"collection":[{"href":"https:\/\/www.egemtv.com\/index.php?rest_route=\/wp\/v2\/posts"}],"about":[{"href":"https:\/\/www.egemtv.com\/index.php?rest_route=\/wp\/v2\/types\/post"}],"author":[{"embeddable":true,"href":"https:\/\/www.egemtv.com\/index.php?rest_route=\/wp\/v2\/users\/1"}],"replies":[{"embeddable":true,"href":"https:\/\/www.egemtv.com\/index.php?rest_route=%2Fwp%2Fv2%2Fcomments&post=88508"}],"version-history":[{"count":1,"href":"https:\/\/www.egemtv.com\/index.php?rest_route=\/wp\/v2\/posts\/88508\/revisions"}],"predecessor-version":[{"id":88510,"href":"https:\/\/www.egemtv.com\/index.php?rest_route=\/wp\/v2\/posts\/88508\/revisions\/88510"}],"wp:featuredmedia":[{"embeddable":true,"href":"https:\/\/www.egemtv.com\/index.php?rest_route=\/wp\/v2\/media\/88509"}],"wp:attachment":[{"href":"https:\/\/www.egemtv.com\/index.php?rest_route=%2Fwp%2Fv2%2Fmedia&parent=88508"}],"wp:term":[{"taxonomy":"category","embeddable":true,"href":"https:\/\/www.egemtv.com\/index.php?rest_route=%2Fwp%2Fv2%2Fcategories&post=88508"},{"taxonomy":"post_tag","embeddable":true,"href":"https:\/\/www.egemtv.com\/index.php?rest_route=%2Fwp%2Fv2%2Ftags&post=88508"}],"curies":[{"name":"wp","href":"https:\/\/api.w.org\/{rel}","templated":true}]}}