{"id":88505,"date":"2026-02-17T14:35:19","date_gmt":"2026-02-17T11:35:19","guid":{"rendered":"https:\/\/www.egemtv.com\/?p=88505"},"modified":"2026-02-17T14:35:20","modified_gmt":"2026-02-17T11:35:20","slug":"izmirde-kuyumcuya-silahli-soygun-girisimi","status":"publish","type":"post","link":"https:\/\/www.egemtv.com\/?p=88505","title":{"rendered":"\u0130zmir\u2019de kuyumcuya silahl\u0131 soygun giri\u015fimi"},"content":{"rendered":"<p>\u0130zmir\u2019in Konak il\u00e7esinde bir kuyumcuya y\u00f6nelik silahl\u0131 soygun giri\u015fiminde bulunan \u015f\u00fcpheli, polis ekiplerince yakaland\u0131. \u015e\u00fcphelinin \u00e7evrede ate\u015f etti\u011fi ve d\u00fckkana girmeye \u00e7al\u0131\u015ft\u0131\u011f\u0131 anlar ise g\u00fcvenlik kameras\u0131na yans\u0131d\u0131.<br \/>\n<br \/>Olay, saat 11.00 s\u0131ralar\u0131nda \u015eevket \u00d6z\u00e7elik Sokak \u00fczerinde meydana geldi. Edinilen bilgiye g\u00f6re, kuyumcu d\u00fckkan\u0131n\u0131n \u00f6n\u00fcne soygun i\u00e7in gelen S.D. (23), silahla i\u015f yerine girmek istedi. \u0130\u015f yeri sahibinin kap\u0131y\u0131 kapatmas\u0131 \u00fczerine \u015f\u00fcpheli havaya ate\u015f a\u00e7\u0131p ka\u00e7maya \u00e7al\u0131\u015ft\u0131. B\u00f6lgede g\u00f6revli trafik polisleri ve di\u011fer ekipler, ka\u00e7maya \u00e7al\u0131\u015fan \u015f\u00fcpheliyi k\u0131sa s\u00fcreli kovalamaca sonucu su\u00e7 aleti silahla birlikte yakalad\u0131. Herhangi bir yaralanman\u0131n ya\u015fanmad\u0131\u011f\u0131 olayda \u015f\u00fcpheli g\u00f6zalt\u0131na al\u0131nd\u0131.<br \/>\n<br \/>\u00d6te yandan \u015f\u00fcphelinin kuyumcuya gelmeden \u00f6nce de \u00e7evrede ate\u015f etti\u011fi ve d\u00fckkana girmeye \u00e7al\u0131\u015ft\u0131\u011f\u0131 anlar bir i\u015f yerinin g\u00fcvenlik kameras\u0131nca kaydedildi.<br \/><\/p>\n","protected":false},"excerpt":{"rendered":"<p>\u0130zmir\u2019in Konak il\u00e7esinde bir kuyumcuya y\u00f6nelik silahl\u0131 soygun giri\u015fiminde bulunan \u015f\u00fcpheli, polis ekiplerince yakaland\u0131. \u015e\u00fcphelinin \u00e7evrede ate\u015f etti\u011fi ve d\u00fckkana girmeye \u00e7al\u0131\u015ft\u0131\u011f\u0131 anlar ise g\u00fcvenlik kameras\u0131na yans\u0131d\u0131. Olay, saat 11.00 s\u0131ralar\u0131nda \u015eevket \u00d6z\u00e7elik Sokak \u00fczerinde meydana geldi. Edinilen bilgiye g\u00f6re, kuyumcu d\u00fckkan\u0131n\u0131n \u00f6n\u00fcne soygun i\u00e7in gelen S.D. (23), silahla i\u015f yerine girmek istedi. \u0130\u015f yeri&#8230;<\/p>\n","protected":false},"author":1,"featured_media":88506,"comment_status":"open","ping_status":"open","sticky":false,"template":"","format":"standard","meta":{"_crdt_document":"","footnotes":""},"categories":[5],"tags":[],"class_list":["post-88505","post","type-post","status-publish","format-standard","has-post-thumbnail","hentry","category-asayis"],"_links":{"self":[{"href":"https:\/\/www.egemtv.com\/index.php?rest_route=\/wp\/v2\/posts\/88505","targetHints":{"allow":["GET"]}}],"collection":[{"href":"https:\/\/www.egemtv.com\/index.php?rest_route=\/wp\/v2\/posts"}],"about":[{"href":"https:\/\/www.egemtv.com\/index.php?rest_route=\/wp\/v2\/types\/post"}],"author":[{"embeddable":true,"href":"https:\/\/www.egemtv.com\/index.php?rest_route=\/wp\/v2\/users\/1"}],"replies":[{"embeddable":true,"href":"https:\/\/www.egemtv.com\/index.php?rest_route=%2Fwp%2Fv2%2Fcomments&post=88505"}],"version-history":[{"count":1,"href":"https:\/\/www.egemtv.com\/index.php?rest_route=\/wp\/v2\/posts\/88505\/revisions"}],"predecessor-version":[{"id":88507,"href":"https:\/\/www.egemtv.com\/index.php?rest_route=\/wp\/v2\/posts\/88505\/revisions\/88507"}],"wp:featuredmedia":[{"embeddable":true,"href":"https:\/\/www.egemtv.com\/index.php?rest_route=\/wp\/v2\/media\/88506"}],"wp:attachment":[{"href":"https:\/\/www.egemtv.com\/index.php?rest_route=%2Fwp%2Fv2%2Fmedia&parent=88505"}],"wp:term":[{"taxonomy":"category","embeddable":true,"href":"https:\/\/www.egemtv.com\/index.php?rest_route=%2Fwp%2Fv2%2Fcategories&post=88505"},{"taxonomy":"post_tag","embeddable":true,"href":"https:\/\/www.egemtv.com\/index.php?rest_route=%2Fwp%2Fv2%2Ftags&post=88505"}],"curies":[{"name":"wp","href":"https:\/\/api.w.org\/{rel}","templated":true}]}}