{"id":88502,"date":"2026-02-17T14:15:05","date_gmt":"2026-02-17T11:15:05","guid":{"rendered":"https:\/\/www.egemtv.com\/?p=88502"},"modified":"2026-02-17T14:15:06","modified_gmt":"2026-02-17T11:15:06","slug":"baskan-balaban-esnafin-sorunlarina-cozum-uretmek-icin-sahada","status":"publish","type":"post","link":"https:\/\/www.egemtv.com\/?p=88502","title":{"rendered":"Ba\u015fkan Balaban esnaf\u0131n sorunlar\u0131na \u00e7\u00f6z\u00fcm \u00fcretmek i\u00e7in sahada"},"content":{"rendered":"<p>Yunusemre Belediye Ba\u015fkan\u0131 Semih Balaban, Manisa Celal Bayar \u00dcniversitesi Uncubozk\u00f6y Kamp\u00fcs\u00fc \u00e7evresindeki esnaf\u0131 ziyaret ederek talep ve sorunlar\u0131 yerinde dinledi. Her zaman esnaf\u0131n yan\u0131nda olduklar\u0131n\u0131 kaydeden Ba\u015fkan Balaban, &#8220;\u00c7\u00f6z\u00fcm i\u00e7in \u00e7al\u0131\u015f\u0131yoruz&#8221; dedi.<br \/>\n<br \/>Semih Balaban, esnaf ve mahalle ziyaretlerini aral\u0131ks\u0131z s\u00fcrd\u00fcr\u00fcyor. Ba\u015fkan Balaban, Manisa Celal Bayar \u00dcniversitesi Uncubozk\u00f6y Kamp\u00fcs\u00fc \u00e7evresinde faaliyet g\u00f6steren esnaf\u0131 ziyaret ederek talep ve \u00f6nerileri dinledi.<br \/>\n<br \/>Yunusemre Belediyesi \u00d6zel Kalem M\u00fcd\u00fcr\u00fc Seyit Ali \u00d6zmen\u2019in de e\u015flik etti\u011fi programda i\u015f yerlerini tek tek gezen Ba\u015fkan Balaban, esnafla sohbet ederek b\u00f6lgedeki sorunlar\u0131 yerinde tespit etti.<br \/>\n<br \/>Esnaf\u0131n \u015fehir ekonomisinin temel ta\u015flar\u0131ndan biri oldu\u011funu vurgulayan Ba\u015fkan Balaban, &#8220;Se\u00e7ildi\u011fimiz g\u00fcnden beri halk\u0131m\u0131z ile i\u00e7 i\u00e7eyiz. Vatanda\u015flar\u0131m\u0131z ile bulu\u015fmay\u0131 s\u00fcrd\u00fcr\u00fcyoruz. Esnaf\u0131m\u0131z\u0131n kar\u015f\u0131la\u015ft\u0131\u011f\u0131 sorunlar\u0131 yerinde g\u00f6r\u00fcyoruz. Belediye olarak \u00e7\u00f6z\u00fcm odakl\u0131 bir anlay\u0131\u015fla sorunlar\u0131n \u00e7\u00f6z\u00fclmesi amac\u0131yla \u00e7al\u0131\u015f\u0131yoruz. Yunusemre il\u00e7esinde dayan\u0131\u015fma ve ortak ak\u0131l ile \u00e7al\u0131\u015fmalarda bulunaca\u011f\u0131z.&#8221; ifadelerini kulland\u0131.<br \/>\n<br \/>Ziyaretten duyduklar\u0131 memnuniyeti dile getiren b\u00f6lge esnaf\u0131 ise Ba\u015fkan Balaban\u2019a te\u015fekk\u00fcr ederek, yap\u0131lan isti\u015farelerin kendileri i\u00e7in \u00f6nemli oldu\u011funu belirtti.<br \/>\n<br \/>Yunusemre Belediyesi\u2019nin saha ziyaretleri ve esnaf bulu\u015fmalar\u0131n\u0131n \u00f6n\u00fcm\u00fczdeki g\u00fcnlerde de devam edece\u011fi \u00f6\u011frenildi.<br \/><\/p>\n","protected":false},"excerpt":{"rendered":"<p>Yunusemre Belediye Ba\u015fkan\u0131 Semih Balaban, Manisa Celal Bayar \u00dcniversitesi Uncubozk\u00f6y Kamp\u00fcs\u00fc \u00e7evresindeki esnaf\u0131 ziyaret ederek talep ve sorunlar\u0131 yerinde dinledi. Her zaman esnaf\u0131n yan\u0131nda olduklar\u0131n\u0131 kaydeden Ba\u015fkan Balaban, &#8220;\u00c7\u00f6z\u00fcm i\u00e7in \u00e7al\u0131\u015f\u0131yoruz&#8221; dedi. Semih Balaban, esnaf ve mahalle ziyaretlerini aral\u0131ks\u0131z s\u00fcrd\u00fcr\u00fcyor. Ba\u015fkan Balaban, Manisa Celal Bayar \u00dcniversitesi Uncubozk\u00f6y Kamp\u00fcs\u00fc \u00e7evresinde faaliyet g\u00f6steren esnaf\u0131 ziyaret ederek talep&#8230;<\/p>\n","protected":false},"author":1,"featured_media":88503,"comment_status":"open","ping_status":"open","sticky":false,"template":"","format":"standard","meta":{"_crdt_document":"","footnotes":""},"categories":[127],"tags":[],"class_list":["post-88502","post","type-post","status-publish","format-standard","has-post-thumbnail","hentry","category-siyaset"],"_links":{"self":[{"href":"https:\/\/www.egemtv.com\/index.php?rest_route=\/wp\/v2\/posts\/88502","targetHints":{"allow":["GET"]}}],"collection":[{"href":"https:\/\/www.egemtv.com\/index.php?rest_route=\/wp\/v2\/posts"}],"about":[{"href":"https:\/\/www.egemtv.com\/index.php?rest_route=\/wp\/v2\/types\/post"}],"author":[{"embeddable":true,"href":"https:\/\/www.egemtv.com\/index.php?rest_route=\/wp\/v2\/users\/1"}],"replies":[{"embeddable":true,"href":"https:\/\/www.egemtv.com\/index.php?rest_route=%2Fwp%2Fv2%2Fcomments&post=88502"}],"version-history":[{"count":1,"href":"https:\/\/www.egemtv.com\/index.php?rest_route=\/wp\/v2\/posts\/88502\/revisions"}],"predecessor-version":[{"id":88504,"href":"https:\/\/www.egemtv.com\/index.php?rest_route=\/wp\/v2\/posts\/88502\/revisions\/88504"}],"wp:featuredmedia":[{"embeddable":true,"href":"https:\/\/www.egemtv.com\/index.php?rest_route=\/wp\/v2\/media\/88503"}],"wp:attachment":[{"href":"https:\/\/www.egemtv.com\/index.php?rest_route=%2Fwp%2Fv2%2Fmedia&parent=88502"}],"wp:term":[{"taxonomy":"category","embeddable":true,"href":"https:\/\/www.egemtv.com\/index.php?rest_route=%2Fwp%2Fv2%2Fcategories&post=88502"},{"taxonomy":"post_tag","embeddable":true,"href":"https:\/\/www.egemtv.com\/index.php?rest_route=%2Fwp%2Fv2%2Ftags&post=88502"}],"curies":[{"name":"wp","href":"https:\/\/api.w.org\/{rel}","templated":true}]}}