{"id":88499,"date":"2026-02-17T14:15:03","date_gmt":"2026-02-17T11:15:03","guid":{"rendered":"https:\/\/www.egemtv.com\/?p=88499"},"modified":"2026-02-17T14:15:05","modified_gmt":"2026-02-17T11:15:05","slug":"aydinda-vatandaslar-yanginlara-karsi-bilgilendirildi","status":"publish","type":"post","link":"https:\/\/www.egemtv.com\/?p=88499","title":{"rendered":"Ayd\u0131n\u2019da vatanda\u015flar yang\u0131nlara kar\u015f\u0131 bilgilendirildi"},"content":{"rendered":"<p>Ayd\u0131n\u2019da orman yang\u0131nlar\u0131na kar\u015f\u0131 al\u0131nmas\u0131 gereken tedbirler konusunda vatanda\u015flara y\u00f6nelik bilgilendirme toplant\u0131lar\u0131 ger\u00e7ekle\u015ftirildi.<\/p>\n<p>Ayd\u0131n Orman \u0130\u015fletme M\u00fcd\u00fcrl\u00fc\u011f\u00fc ekiplerince Baltak\u00f6y, Tepek\u00f6y, Karaba\u011f, Da\u011fyeni, Damp\u0131nar, \u00d6merbeyli, So\u011fukluk, Me\u015feli, \u00c7ar\u0131klar, \u0130kizdere ve Habibler k\u00f6ylerinde d\u00fczenlenen toplant\u0131larda, yang\u0131nlara kar\u015f\u0131 al\u0131nmas\u0131 gereken \u00f6nlemler anlat\u0131ld\u0131. Toplant\u0131larda vatanda\u015flara, ormanl\u0131k alanlarda dikkat edilmesi gereken hususlar ile muhtemel yang\u0131n risklerine kar\u015f\u0131 yap\u0131lmas\u0131 gerekenler hakk\u0131nda bilgi verildi.<\/p>\n<p>Mu\u011fla Orman B\u00f6lge M\u00fcd\u00fcrl\u00fc\u011f\u00fc\u2019nden yap\u0131lan a\u00e7\u0131klamada &#8220;Ayd\u0131n Orman \u0130\u015fletme M\u00fcd\u00fcrl\u00fc\u011f\u00fc\u2019m\u00fczde k\u00f6y bilgilendirme toplant\u0131lar\u0131 devam ediyor. Baltak\u00f6y, Tepek\u00f6y, Karaba\u011f, Da\u011fyeni, Damp\u0131nar, \u00d6merbeyli, So\u011fukluk, Me\u015feli, \u00c7ar\u0131klar, \u0130kizdere ve Habibler k\u00f6ylerinde yap\u0131lan toplant\u0131larda, orman ekiplerimiz taraf\u0131ndan yang\u0131nlara kar\u015f\u0131 al\u0131nmas\u0131 gereken tedbirler konusunda vatanda\u015flar bilgilendirildi&#8221; ifadeleri yer ald\u0131.<br \/><\/p>\n","protected":false},"excerpt":{"rendered":"<p>Ayd\u0131n\u2019da orman yang\u0131nlar\u0131na kar\u015f\u0131 al\u0131nmas\u0131 gereken tedbirler konusunda vatanda\u015flara y\u00f6nelik bilgilendirme toplant\u0131lar\u0131 ger\u00e7ekle\u015ftirildi. Ayd\u0131n Orman \u0130\u015fletme M\u00fcd\u00fcrl\u00fc\u011f\u00fc ekiplerince Baltak\u00f6y, Tepek\u00f6y, Karaba\u011f, Da\u011fyeni, Damp\u0131nar, \u00d6merbeyli, So\u011fukluk, Me\u015feli, \u00c7ar\u0131klar, \u0130kizdere ve Habibler k\u00f6ylerinde d\u00fczenlenen toplant\u0131larda, yang\u0131nlara kar\u015f\u0131 al\u0131nmas\u0131 gereken \u00f6nlemler anlat\u0131ld\u0131. Toplant\u0131larda vatanda\u015flara, ormanl\u0131k alanlarda dikkat edilmesi gereken hususlar ile muhtemel yang\u0131n risklerine kar\u015f\u0131 yap\u0131lmas\u0131 gerekenler hakk\u0131nda&#8230;<\/p>\n","protected":false},"author":1,"featured_media":88500,"comment_status":"open","ping_status":"open","sticky":false,"template":"","format":"standard","meta":{"_crdt_document":"","footnotes":""},"categories":[1],"tags":[],"class_list":["post-88499","post","type-post","status-publish","format-standard","has-post-thumbnail","hentry","category-guncel"],"_links":{"self":[{"href":"https:\/\/www.egemtv.com\/index.php?rest_route=\/wp\/v2\/posts\/88499","targetHints":{"allow":["GET"]}}],"collection":[{"href":"https:\/\/www.egemtv.com\/index.php?rest_route=\/wp\/v2\/posts"}],"about":[{"href":"https:\/\/www.egemtv.com\/index.php?rest_route=\/wp\/v2\/types\/post"}],"author":[{"embeddable":true,"href":"https:\/\/www.egemtv.com\/index.php?rest_route=\/wp\/v2\/users\/1"}],"replies":[{"embeddable":true,"href":"https:\/\/www.egemtv.com\/index.php?rest_route=%2Fwp%2Fv2%2Fcomments&post=88499"}],"version-history":[{"count":1,"href":"https:\/\/www.egemtv.com\/index.php?rest_route=\/wp\/v2\/posts\/88499\/revisions"}],"predecessor-version":[{"id":88501,"href":"https:\/\/www.egemtv.com\/index.php?rest_route=\/wp\/v2\/posts\/88499\/revisions\/88501"}],"wp:featuredmedia":[{"embeddable":true,"href":"https:\/\/www.egemtv.com\/index.php?rest_route=\/wp\/v2\/media\/88500"}],"wp:attachment":[{"href":"https:\/\/www.egemtv.com\/index.php?rest_route=%2Fwp%2Fv2%2Fmedia&parent=88499"}],"wp:term":[{"taxonomy":"category","embeddable":true,"href":"https:\/\/www.egemtv.com\/index.php?rest_route=%2Fwp%2Fv2%2Fcategories&post=88499"},{"taxonomy":"post_tag","embeddable":true,"href":"https:\/\/www.egemtv.com\/index.php?rest_route=%2Fwp%2Fv2%2Ftags&post=88499"}],"curies":[{"name":"wp","href":"https:\/\/api.w.org\/{rel}","templated":true}]}}