{"id":88496,"date":"2026-02-17T13:54:53","date_gmt":"2026-02-17T10:54:53","guid":{"rendered":"https:\/\/www.egemtv.com\/?p=88496"},"modified":"2026-02-17T13:54:55","modified_gmt":"2026-02-17T10:54:55","slug":"buyuksehir-ekiplerinden-yagis-mesaisi","status":"publish","type":"post","link":"https:\/\/www.egemtv.com\/?p=88496","title":{"rendered":"B\u00fcy\u00fck\u015fehir ekiplerinden \u2019ya\u011f\u0131\u015f\u2019 mesaisi"},"content":{"rendered":"<p>Ayd\u0131n genelinde etkili olan sa\u011fanak ya\u011f\u0131\u015f sebebiyle teyakkuz halinde olan Ayd\u0131n B\u00fcy\u00fck\u015fehir Belediyesi ekipleri, \u015fiddetli ya\u011f\u0131\u015f\u0131n etkili oldu\u011fu b\u00f6lgelerde \u00e7al\u0131\u015fmalar\u0131n\u0131 s\u00fcrd\u00fcr\u00fcyor.<\/p>\n<p>Ayd\u0131n\u2019da etkili olan \u015fiddetli sa\u011fanak ya\u011f\u0131\u015f ve f\u0131rt\u0131nan\u0131n ard\u0131ndan Ayd\u0131n B\u00fcy\u00fck\u015fehir Belediyesi ekipleri kent genelinde yo\u011fun bir \u00e7al\u0131\u015fma y\u00fcr\u00fct\u00fcyor. Ekipler, ula\u015f\u0131m\u0131n kesintisiz devam etmesi i\u00e7in bir\u00e7ok noktada e\u015f zamanl\u0131 m\u00fcdahale ger\u00e7ekle\u015ftiriyor. Fen \u0130\u015fleri ekipleri, \u00f6zellikle k\u0131rsal mahalle yollar\u0131nda biriken materyalleri i\u015f makineleriyle temizleyerek g\u00fczergahlar\u0131 k\u0131sa s\u00fcrede yeniden trafi\u011fe kazand\u0131r\u0131yor. Greyder, kep\u00e7e, y\u00fckleyici ve kamyonlarla desteklenen \u00e7al\u0131\u015fmalar planl\u0131 \u015fekilde s\u00fcrd\u00fcr\u00fcl\u00fcyor. \u0130l\u00e7elerde koordineli bi\u00e7imde g\u00f6rev yapan ekipler, ya\u011f\u0131\u015ftan etkilenen noktalara an\u0131nda m\u00fcdahale ederek ula\u015f\u0131m ak\u0131\u015f\u0131n\u0131 sa\u011fl\u0131yor. Yol platformlar\u0131nda d\u00fczenleme ve temizlik \u00e7al\u0131\u015fmalar\u0131 titizlikle devam ederken, vatanda\u015flar\u0131n g\u00fcvenli ve konforlu ula\u015f\u0131m\u0131 i\u00e7in t\u00fcm imkanlar seferber ediliyor. B\u00fcy\u00fck\u015fehir Belediyesi, hava \u015fartlar\u0131na ba\u011fl\u0131 olarak ihtiya\u00e7 duyulan her noktada \u00e7al\u0131\u015fmalar\u0131n\u0131 s\u00fcrd\u00fcr\u00fcyor. Kent genelinde ekiplerin sahadaki mesaisi aral\u0131ks\u0131z devam ediyor.<br \/><\/p>\n","protected":false},"excerpt":{"rendered":"<p>Ayd\u0131n genelinde etkili olan sa\u011fanak ya\u011f\u0131\u015f sebebiyle teyakkuz halinde olan Ayd\u0131n B\u00fcy\u00fck\u015fehir Belediyesi ekipleri, \u015fiddetli ya\u011f\u0131\u015f\u0131n etkili oldu\u011fu b\u00f6lgelerde \u00e7al\u0131\u015fmalar\u0131n\u0131 s\u00fcrd\u00fcr\u00fcyor. Ayd\u0131n\u2019da etkili olan \u015fiddetli sa\u011fanak ya\u011f\u0131\u015f ve f\u0131rt\u0131nan\u0131n ard\u0131ndan Ayd\u0131n B\u00fcy\u00fck\u015fehir Belediyesi ekipleri kent genelinde yo\u011fun bir \u00e7al\u0131\u015fma y\u00fcr\u00fct\u00fcyor. Ekipler, ula\u015f\u0131m\u0131n kesintisiz devam etmesi i\u00e7in bir\u00e7ok noktada e\u015f zamanl\u0131 m\u00fcdahale ger\u00e7ekle\u015ftiriyor. Fen \u0130\u015fleri ekipleri,&#8230;<\/p>\n","protected":false},"author":1,"featured_media":88497,"comment_status":"open","ping_status":"open","sticky":false,"template":"","format":"standard","meta":{"_crdt_document":"","footnotes":""},"categories":[1],"tags":[],"class_list":["post-88496","post","type-post","status-publish","format-standard","has-post-thumbnail","hentry","category-guncel"],"_links":{"self":[{"href":"https:\/\/www.egemtv.com\/index.php?rest_route=\/wp\/v2\/posts\/88496","targetHints":{"allow":["GET"]}}],"collection":[{"href":"https:\/\/www.egemtv.com\/index.php?rest_route=\/wp\/v2\/posts"}],"about":[{"href":"https:\/\/www.egemtv.com\/index.php?rest_route=\/wp\/v2\/types\/post"}],"author":[{"embeddable":true,"href":"https:\/\/www.egemtv.com\/index.php?rest_route=\/wp\/v2\/users\/1"}],"replies":[{"embeddable":true,"href":"https:\/\/www.egemtv.com\/index.php?rest_route=%2Fwp%2Fv2%2Fcomments&post=88496"}],"version-history":[{"count":1,"href":"https:\/\/www.egemtv.com\/index.php?rest_route=\/wp\/v2\/posts\/88496\/revisions"}],"predecessor-version":[{"id":88498,"href":"https:\/\/www.egemtv.com\/index.php?rest_route=\/wp\/v2\/posts\/88496\/revisions\/88498"}],"wp:featuredmedia":[{"embeddable":true,"href":"https:\/\/www.egemtv.com\/index.php?rest_route=\/wp\/v2\/media\/88497"}],"wp:attachment":[{"href":"https:\/\/www.egemtv.com\/index.php?rest_route=%2Fwp%2Fv2%2Fmedia&parent=88496"}],"wp:term":[{"taxonomy":"category","embeddable":true,"href":"https:\/\/www.egemtv.com\/index.php?rest_route=%2Fwp%2Fv2%2Fcategories&post=88496"},{"taxonomy":"post_tag","embeddable":true,"href":"https:\/\/www.egemtv.com\/index.php?rest_route=%2Fwp%2Fv2%2Ftags&post=88496"}],"curies":[{"name":"wp","href":"https:\/\/api.w.org\/{rel}","templated":true}]}}