{"id":88493,"date":"2026-02-17T13:35:44","date_gmt":"2026-02-17T10:35:44","guid":{"rendered":"https:\/\/www.egemtv.com\/?p=88493"},"modified":"2026-02-17T13:35:45","modified_gmt":"2026-02-17T10:35:45","slug":"soforler-odasindan-vergi-kacirmanin-onune-gecilecek-uygulamaya-tepki","status":"publish","type":"post","link":"https:\/\/www.egemtv.com\/?p=88493","title":{"rendered":"\u015eof\u00f6rler odas\u0131ndan vergi ka\u00e7\u0131rman\u0131n \u00f6n\u00fcne ge\u00e7ilecek uygulamaya tepki"},"content":{"rendered":"<p>Hazine ve Maliye Bakanl\u0131\u011f\u0131 Gelir \u0130daresi Ba\u015fkanl\u0131\u011f\u0131 (G\u0130B) taraf\u0131ndan haz\u0131rlanan ve vergi ka\u00e7a\u011f\u0131n\u0131n \u00f6n\u00fcne ge\u00e7ilmesinin ama\u00e7land\u0131\u011f\u0131 \u2018Taksimetrelerin, \u00d6deme Kaydedici Cihaz (\u00d6KC)\u2019 ile entegre \u015fekilde \u00e7al\u0131\u015fmas\u0131 uygulamas\u0131na Afyonkarahisar \u015eof\u00f6rler ve Otomobilciler Esnaf Odas\u0131 Ba\u015fkan\u0131 \u0130brahim Karata\u015f yapt\u0131\u011f\u0131 a\u00e7\u0131klama ile tepki g\u00f6sterdi.<br \/>\n<br \/>Ba\u015fkan Karata\u015f, beraberindeki taksicilerle bas\u0131n a\u00e7\u0131klamas\u0131 yaparak uygulamaya kar\u015f\u0131 olduklar\u0131n\u0131 ifade ettiler. Karata\u015f \u00f6zellikle sosyal medyada tepkiye neden olan a\u00e7\u0131klamas\u0131nda \u015funlar\u0131 s\u00f6yledi:<br \/>\n<br \/>&#8220;Taksici esnaf\u0131 olarak yeniliklere kar\u015f\u0131 de\u011filiz ancak sistem mevcut vergi yap\u0131s\u0131yla s\u00fcrd\u00fcr\u00fclebilir de\u011fildir. Afyonkarahisar da bir taksinin g\u00fcnl\u00fck ortalama has\u0131lat\u0131 1 ile 2 bin TL aras\u0131nda. Vergi y\u00fck\u00fc esnaf\u0131 zorlayacak. Bu uygulama devreye girdi\u011fi andan itibaren ilimiz de toplam 280 civar\u0131nda olan T plakal\u0131 ticari taksinin resmi kay\u0131tlara g\u00f6re 160 tanesi aktif \u00e7al\u0131\u015f\u0131yordu bu say\u0131 100 arac\u0131nda alt\u0131na d\u00fc\u015fer esnaf i\u015fini kaybeder. Y\u00fczde 20 KDV, y\u00fczde 25 gelir vergisi, stopaj ve di\u011fer vergiler eklendi\u011finde bu sekt\u00f6r bitmeye mahk\u00fbm olur. K\u00fc\u00e7\u00fck esnaf b\u00fcy\u00fck i\u015fletmelerle ayn\u0131 kefeye konuyor. \u015eof\u00f6r esnaf\u0131m\u0131z bu uygulamalar ile y\u00fck ve yolcu nakli de\u011fil, bor\u00e7 ta\u015f\u0131maya ba\u015flayacak zaten \u00e7ok zor durumda olan Esnaf\u0131m\u0131z\u0131 daha da zor g\u00fcnler bekliyor. Bizi ya\u015fat\u0131n ki biz de devlete katk\u0131 sa\u011flayabilelim&#8221; ifadelerine yer verdi.<br \/><\/p>\n","protected":false},"excerpt":{"rendered":"<p>Hazine ve Maliye Bakanl\u0131\u011f\u0131 Gelir \u0130daresi Ba\u015fkanl\u0131\u011f\u0131 (G\u0130B) taraf\u0131ndan haz\u0131rlanan ve vergi ka\u00e7a\u011f\u0131n\u0131n \u00f6n\u00fcne ge\u00e7ilmesinin ama\u00e7land\u0131\u011f\u0131 \u2018Taksimetrelerin, \u00d6deme Kaydedici Cihaz (\u00d6KC)\u2019 ile entegre \u015fekilde \u00e7al\u0131\u015fmas\u0131 uygulamas\u0131na Afyonkarahisar \u015eof\u00f6rler ve Otomobilciler Esnaf Odas\u0131 Ba\u015fkan\u0131 \u0130brahim Karata\u015f yapt\u0131\u011f\u0131 a\u00e7\u0131klama ile tepki g\u00f6sterdi. Ba\u015fkan Karata\u015f, beraberindeki taksicilerle bas\u0131n a\u00e7\u0131klamas\u0131 yaparak uygulamaya kar\u015f\u0131 olduklar\u0131n\u0131 ifade ettiler. Karata\u015f \u00f6zellikle sosyal&#8230;<\/p>\n","protected":false},"author":1,"featured_media":88494,"comment_status":"open","ping_status":"open","sticky":false,"template":"","format":"standard","meta":{"_crdt_document":"","footnotes":""},"categories":[1],"tags":[],"class_list":["post-88493","post","type-post","status-publish","format-standard","has-post-thumbnail","hentry","category-guncel"],"_links":{"self":[{"href":"https:\/\/www.egemtv.com\/index.php?rest_route=\/wp\/v2\/posts\/88493","targetHints":{"allow":["GET"]}}],"collection":[{"href":"https:\/\/www.egemtv.com\/index.php?rest_route=\/wp\/v2\/posts"}],"about":[{"href":"https:\/\/www.egemtv.com\/index.php?rest_route=\/wp\/v2\/types\/post"}],"author":[{"embeddable":true,"href":"https:\/\/www.egemtv.com\/index.php?rest_route=\/wp\/v2\/users\/1"}],"replies":[{"embeddable":true,"href":"https:\/\/www.egemtv.com\/index.php?rest_route=%2Fwp%2Fv2%2Fcomments&post=88493"}],"version-history":[{"count":1,"href":"https:\/\/www.egemtv.com\/index.php?rest_route=\/wp\/v2\/posts\/88493\/revisions"}],"predecessor-version":[{"id":88495,"href":"https:\/\/www.egemtv.com\/index.php?rest_route=\/wp\/v2\/posts\/88493\/revisions\/88495"}],"wp:featuredmedia":[{"embeddable":true,"href":"https:\/\/www.egemtv.com\/index.php?rest_route=\/wp\/v2\/media\/88494"}],"wp:attachment":[{"href":"https:\/\/www.egemtv.com\/index.php?rest_route=%2Fwp%2Fv2%2Fmedia&parent=88493"}],"wp:term":[{"taxonomy":"category","embeddable":true,"href":"https:\/\/www.egemtv.com\/index.php?rest_route=%2Fwp%2Fv2%2Fcategories&post=88493"},{"taxonomy":"post_tag","embeddable":true,"href":"https:\/\/www.egemtv.com\/index.php?rest_route=%2Fwp%2Fv2%2Ftags&post=88493"}],"curies":[{"name":"wp","href":"https:\/\/api.w.org\/{rel}","templated":true}]}}