{"id":88490,"date":"2026-02-17T13:35:43","date_gmt":"2026-02-17T10:35:43","guid":{"rendered":"https:\/\/www.egemtv.com\/?p=88490"},"modified":"2026-02-17T13:35:44","modified_gmt":"2026-02-17T10:35:44","slug":"uluslararasi-cocuk-tiyatrosu-odulu-merkezefendinin-oldu","status":"publish","type":"post","link":"https:\/\/www.egemtv.com\/?p=88490","title":{"rendered":"Uluslararas\u0131 \u00c7ocuk Tiyatrosu \u00f6d\u00fcl\u00fc Merkezefendi\u2019nin oldu"},"content":{"rendered":"<p>Merkezefendi Belediyesi taraf\u0131ndan Denizli\u2019de d\u00fczenlenen Uluslararas\u0131 \u00c7ocuk Tiyatro Festivali, \u00e7ocuklar ad\u0131na \u00fclke tiyatrosuna sundu\u011fu nitelikli katk\u0131larla Tiyatro Gazetesi Uluslararas\u0131 Anadolu Tiyatro \u00d6d\u00fclleri Se\u00e7ici Kurulu taraf\u0131ndan \u2018Y\u0131l\u0131n Uluslararas\u0131 \u00c7ocuk Tiyatro Festivali \u00d6d\u00fcl\u00fc\u2019ne lay\u0131k g\u00f6r\u00fcld\u00fc.<\/p>\n<p>K\u00fclt\u00fcr ve sanat alan\u0131ndaki \u00e7al\u0131\u015fmalar\u0131yla ad\u0131ndan s\u0131k\u00e7a s\u00f6z ettiren Merkezefendi Belediyesi, bu prestijli \u00f6d\u00fclle ba\u015far\u0131s\u0131n\u0131 bir kez daha ta\u00e7land\u0131rd\u0131. Se\u00e7ici Kurul taraf\u0131ndan yap\u0131lan de\u011ferlendirmede; \u00e7ocuklara y\u00f6nelik sanatsal faaliyetlerin desteklenmesi, uluslararas\u0131 nitelikte bir \u00e7ocuk tiyatro festivalinin ba\u015far\u0131yla hayata ge\u00e7irilmesi ve tiyatro sanat\u0131n\u0131n geli\u015fimine sa\u011flanan katk\u0131lar takdirle kar\u015f\u0131land\u0131. \u00d6d\u00fcl t\u00f6reninde, ba\u015fta Merkezefendi Belediye Ba\u015fkan\u0131 \u015eeniz Do\u011fan olmak \u00fczere festivalin ger\u00e7ekle\u015fmesinde eme\u011fi ge\u00e7en t\u00fcm Merkezefendi Belediyesi y\u00f6netimi ve \u00e7al\u0131\u015fanlar\u0131na te\u015fekk\u00fcr edildi. Uluslararas\u0131 11. Anadolu Tiyatro \u00d6d\u00fclleri, 2025-2026 d\u00f6neminde tiyatro sanat\u0131na de\u011fer katan ki\u015fi, kurum ve kurulu\u015flar\u0131n de\u011ferlendirildi\u011fi s\u00fcre\u00e7 sonucunda sahiplerine takdim edildi. \u00d6d\u00fcl t\u00f6reni, \u0130stanbul\u2019da Mask-Kara Tiyatrosu Tamer Levent Sahnesinde ger\u00e7ekle\u015ftirildi. \u2018Y\u0131l\u0131n Uluslararas\u0131 \u00c7ocuk Tiyatrosu Festivali \u00d6d\u00fcl\u00fc\u2019, d\u00fczenlenen t\u00f6rende Merkezefendi Kent Tiyatrosu ad\u0131na temsilen Zeynep Elif Ya\u011fc\u0131\u2019ya takdim edildi.<\/p>\n<p>&#8220;Al\u0131n teriyle, emekle ve tutkuyla kazan\u0131lm\u0131\u015f \u00e7ok anlaml\u0131 bir \u00f6d\u00fcl&#8221;<br \/>\n<br \/>K\u00fclt\u00fcr ve sanat alan\u0131nda \u00e7al\u0131\u015fmalar\u0131na devam ettiklerini belirten Merkezefendi Belediye Ba\u015fkan\u0131 \u015eeniz Do\u011fan, &#8220;Tiyatro Gazetesi 11. Uluslararas\u0131 Anadolu Tiyatro \u00d6d\u00fclleri kapsam\u0131nda \u2018Y\u0131l\u0131n Uluslararas\u0131 \u00c7ocuk Tiyatrosu Festivali \u00d6d\u00fcl\u00fc\u2019ne lay\u0131k g\u00f6r\u00fclen Merkezefendi Kent Tiyatromuz, bizlere b\u00fcy\u00fck bir gurur ya\u015fatt\u0131. \u00c7ocuklar\u0131m\u0131z\u0131 sanatla bulu\u015fturan, tiyatronun evrensel diliyle gelece\u011fe umut eken bu de\u011ferli ba\u015far\u0131; \u00f6zverinin, ekip ruhunun ve sanata duyulan derin sevginin bir sonucudur. Bu prestijli \u00f6d\u00fcl\u00fc Merkezefendi\u2019ye kazand\u0131ran Merkezefendi Kent Tiyatromuzun t\u00fcm sanat\u00e7\u0131lar\u0131n\u0131, emek veren teknik ekibini ve katk\u0131 sunan herkesi y\u00fcrekten kutluyor; sahnedeki ba\u015far\u0131lar\u0131n\u0131n artarak devam etmesini diliyorum. Merkezefendi Belediyesi olarak, \u00e7ocuklar\u0131n hayal d\u00fcnyas\u0131n\u0131 zenginle\u015ftiren, sanat\u0131 ya\u015fam\u0131n merkezine alan \u00e7al\u0131\u015fmalar\u0131 desteklemeyi kararl\u0131l\u0131kla s\u00fcrd\u00fcrece\u011fiz&#8221; diye konu\u015ftu.<br \/><\/p>\n","protected":false},"excerpt":{"rendered":"<p>Merkezefendi Belediyesi taraf\u0131ndan Denizli\u2019de d\u00fczenlenen Uluslararas\u0131 \u00c7ocuk Tiyatro Festivali, \u00e7ocuklar ad\u0131na \u00fclke tiyatrosuna sundu\u011fu nitelikli katk\u0131larla Tiyatro Gazetesi Uluslararas\u0131 Anadolu Tiyatro \u00d6d\u00fclleri Se\u00e7ici Kurulu taraf\u0131ndan \u2018Y\u0131l\u0131n Uluslararas\u0131 \u00c7ocuk Tiyatro Festivali \u00d6d\u00fcl\u00fc\u2019ne lay\u0131k g\u00f6r\u00fcld\u00fc. K\u00fclt\u00fcr ve sanat alan\u0131ndaki \u00e7al\u0131\u015fmalar\u0131yla ad\u0131ndan s\u0131k\u00e7a s\u00f6z ettiren Merkezefendi Belediyesi, bu prestijli \u00f6d\u00fclle ba\u015far\u0131s\u0131n\u0131 bir kez daha ta\u00e7land\u0131rd\u0131. Se\u00e7ici Kurul taraf\u0131ndan&#8230;<\/p>\n","protected":false},"author":1,"featured_media":88491,"comment_status":"open","ping_status":"open","sticky":false,"template":"","format":"standard","meta":{"_crdt_document":"","footnotes":""},"categories":[1],"tags":[],"class_list":["post-88490","post","type-post","status-publish","format-standard","has-post-thumbnail","hentry","category-guncel"],"_links":{"self":[{"href":"https:\/\/www.egemtv.com\/index.php?rest_route=\/wp\/v2\/posts\/88490","targetHints":{"allow":["GET"]}}],"collection":[{"href":"https:\/\/www.egemtv.com\/index.php?rest_route=\/wp\/v2\/posts"}],"about":[{"href":"https:\/\/www.egemtv.com\/index.php?rest_route=\/wp\/v2\/types\/post"}],"author":[{"embeddable":true,"href":"https:\/\/www.egemtv.com\/index.php?rest_route=\/wp\/v2\/users\/1"}],"replies":[{"embeddable":true,"href":"https:\/\/www.egemtv.com\/index.php?rest_route=%2Fwp%2Fv2%2Fcomments&post=88490"}],"version-history":[{"count":1,"href":"https:\/\/www.egemtv.com\/index.php?rest_route=\/wp\/v2\/posts\/88490\/revisions"}],"predecessor-version":[{"id":88492,"href":"https:\/\/www.egemtv.com\/index.php?rest_route=\/wp\/v2\/posts\/88490\/revisions\/88492"}],"wp:featuredmedia":[{"embeddable":true,"href":"https:\/\/www.egemtv.com\/index.php?rest_route=\/wp\/v2\/media\/88491"}],"wp:attachment":[{"href":"https:\/\/www.egemtv.com\/index.php?rest_route=%2Fwp%2Fv2%2Fmedia&parent=88490"}],"wp:term":[{"taxonomy":"category","embeddable":true,"href":"https:\/\/www.egemtv.com\/index.php?rest_route=%2Fwp%2Fv2%2Fcategories&post=88490"},{"taxonomy":"post_tag","embeddable":true,"href":"https:\/\/www.egemtv.com\/index.php?rest_route=%2Fwp%2Fv2%2Ftags&post=88490"}],"curies":[{"name":"wp","href":"https:\/\/api.w.org\/{rel}","templated":true}]}}