{"id":88484,"date":"2026-02-17T13:35:41","date_gmt":"2026-02-17T10:35:41","guid":{"rendered":"https:\/\/www.egemtv.com\/?p=88484"},"modified":"2026-02-17T13:35:42","modified_gmt":"2026-02-17T10:35:42","slug":"termal-drone-destekli-denetimde-2-kacak-avci-yakalandi","status":"publish","type":"post","link":"https:\/\/www.egemtv.com\/?p=88484","title":{"rendered":"Termal drone destekli denetimde 2 ka\u00e7ak avc\u0131 yakaland\u0131"},"content":{"rendered":"<p>U\u015fak\u2019ta Do\u011fa Koruma ve Milli Parklar ekiplerince termal drone destekli yap\u0131lan denetimlerde yasa d\u0131\u015f\u0131 avc\u0131l\u0131k yapt\u0131\u011f\u0131 belirlenen 2 ki\u015fi yakaland\u0131. \u015eah\u0131slara idari para cezas\u0131 uygulan\u0131rken, avda kullan\u0131lan silahlara el konuldu.<\/p>\n<p>U\u015fak Do\u011fa Koruma ve Milli Parklar M\u00fcd\u00fcrl\u00fc\u011f\u00fc\u2019n\u00fcn sosyal medya hesab\u0131ndan yap\u0131lan payla\u015f\u0131mda, yasa d\u0131\u015f\u0131 avc\u0131l\u0131kla teknolojik imkanlar kullan\u0131larak m\u00fccadelenin s\u00fcrd\u00fc\u011f\u00fc belirtildi. A\u00e7\u0131klamada, termal drone destekli koruma ve kontrol \u00e7al\u0131\u015fmalar\u0131yla sahada etkin denetimlerin ger\u00e7ekle\u015ftirildi\u011fi ifade edildi.<\/p>\n<p>Ger\u00e7ekle\u015ftirilen kontrollerde yasa d\u0131\u015f\u0131 avc\u0131l\u0131k yapt\u0131\u011f\u0131 tespit edilen 2 \u015fahs\u0131n yakaland\u0131\u011f\u0131 aktar\u0131lan payla\u015f\u0131mda, ilgili kanunlar kapsam\u0131nda idari para cezas\u0131 uyguland\u0131\u011f\u0131 ve \u015fah\u0131slara ait silahlara el konuldu\u011fu bildirildi.<br \/><\/p>\n","protected":false},"excerpt":{"rendered":"<p>U\u015fak\u2019ta Do\u011fa Koruma ve Milli Parklar ekiplerince termal drone destekli yap\u0131lan denetimlerde yasa d\u0131\u015f\u0131 avc\u0131l\u0131k yapt\u0131\u011f\u0131 belirlenen 2 ki\u015fi yakaland\u0131. \u015eah\u0131slara idari para cezas\u0131 uygulan\u0131rken, avda kullan\u0131lan silahlara el konuldu. U\u015fak Do\u011fa Koruma ve Milli Parklar M\u00fcd\u00fcrl\u00fc\u011f\u00fc\u2019n\u00fcn sosyal medya hesab\u0131ndan yap\u0131lan payla\u015f\u0131mda, yasa d\u0131\u015f\u0131 avc\u0131l\u0131kla teknolojik imkanlar kullan\u0131larak m\u00fccadelenin s\u00fcrd\u00fc\u011f\u00fc belirtildi. A\u00e7\u0131klamada, termal drone destekli&#8230;<\/p>\n","protected":false},"author":1,"featured_media":88485,"comment_status":"open","ping_status":"open","sticky":false,"template":"","format":"standard","meta":{"_crdt_document":"","footnotes":""},"categories":[5],"tags":[],"class_list":["post-88484","post","type-post","status-publish","format-standard","has-post-thumbnail","hentry","category-asayis"],"_links":{"self":[{"href":"https:\/\/www.egemtv.com\/index.php?rest_route=\/wp\/v2\/posts\/88484","targetHints":{"allow":["GET"]}}],"collection":[{"href":"https:\/\/www.egemtv.com\/index.php?rest_route=\/wp\/v2\/posts"}],"about":[{"href":"https:\/\/www.egemtv.com\/index.php?rest_route=\/wp\/v2\/types\/post"}],"author":[{"embeddable":true,"href":"https:\/\/www.egemtv.com\/index.php?rest_route=\/wp\/v2\/users\/1"}],"replies":[{"embeddable":true,"href":"https:\/\/www.egemtv.com\/index.php?rest_route=%2Fwp%2Fv2%2Fcomments&post=88484"}],"version-history":[{"count":1,"href":"https:\/\/www.egemtv.com\/index.php?rest_route=\/wp\/v2\/posts\/88484\/revisions"}],"predecessor-version":[{"id":88486,"href":"https:\/\/www.egemtv.com\/index.php?rest_route=\/wp\/v2\/posts\/88484\/revisions\/88486"}],"wp:featuredmedia":[{"embeddable":true,"href":"https:\/\/www.egemtv.com\/index.php?rest_route=\/wp\/v2\/media\/88485"}],"wp:attachment":[{"href":"https:\/\/www.egemtv.com\/index.php?rest_route=%2Fwp%2Fv2%2Fmedia&parent=88484"}],"wp:term":[{"taxonomy":"category","embeddable":true,"href":"https:\/\/www.egemtv.com\/index.php?rest_route=%2Fwp%2Fv2%2Fcategories&post=88484"},{"taxonomy":"post_tag","embeddable":true,"href":"https:\/\/www.egemtv.com\/index.php?rest_route=%2Fwp%2Fv2%2Ftags&post=88484"}],"curies":[{"name":"wp","href":"https:\/\/api.w.org\/{rel}","templated":true}]}}