{"id":88385,"date":"2026-02-17T09:34:49","date_gmt":"2026-02-17T06:34:49","guid":{"rendered":"https:\/\/www.egemtv.com\/?p=88385"},"modified":"2026-02-17T09:34:50","modified_gmt":"2026-02-17T06:34:50","slug":"adu-sporculari-basarilariyla-gururlandirdi","status":"publish","type":"post","link":"https:\/\/www.egemtv.com\/?p=88385","title":{"rendered":"AD\u00dc sporcular\u0131 ba\u015far\u0131lar\u0131yla gururland\u0131rd\u0131"},"content":{"rendered":"<p>Adnan Menderes \u00dcniversitesi Spor Bilimleri Fak\u00fcltesi \u00f6\u011frencileri, Bursa\u2019da d\u00fczenlenen T\u00fcrkiye \u00dcniversiteler Aras\u0131 Salon Atletizm \u015eampiyonas\u0131\u2019nda \u00fcst\u00fcn bir performans sergileyerek \u00f6nemli bir ba\u015far\u0131ya imza att\u0131.<br \/>\n<br \/>41 \u00fcniversitenin m\u00fccadele etti\u011fi erkekler kategorisi ile 36 \u00fcniversitenin yer ald\u0131\u011f\u0131 kad\u0131nlar kategorisinde AD\u00dc, her iki bran\u015fta da tak\u0131m \u015fampiyonlu\u011funu elde ederek T\u00fcrkiye birincisi oldu. Sporcular, \u015fampiyona boyunca toplam 31 madalya kazan\u0131rken; bu derecelerin 18\u2019i alt\u0131n, 11\u2019i g\u00fcm\u00fc\u015f ve 3\u2019\u00fc bronz madalya olarak kay\u0131tlara ge\u00e7ti. Elde edilen bu sonu\u00e7larla AD\u00dc, iki kupa ile birlikte 100. \u015fampiyonlu\u011funu da gururla ta\u00e7land\u0131rd\u0131.<br \/>\n<br \/>Ba\u015far\u0131da eme\u011fi bulunan Teknik Direkt\u00f6r ve Ba\u015fantren\u00f6r Do\u00e7. Dr. Ali G\u00fcre\u015f ile antren\u00f6r ekibinde yer alan \u00d6\u011fr. G\u00f6r. \u015eahser G\u00fcne\u015f ve \u00d6\u011fr. G\u00f6r. Nermin \u015eent\u00fcrk ba\u015fta olmak \u00fczere s\u00fcrece katk\u0131 sunan t\u00fcm akademik ve idari kadroya te\u015fekk\u00fcr eden Rekt\u00f6r Prof. Dr. B\u00fclent Kent, kazan\u0131lan derecelerin AD\u00dc\u2019n\u00fcn spor alan\u0131ndaki kurumsal g\u00fcc\u00fcn\u00fc ve istikrarl\u0131 ba\u015far\u0131s\u0131n\u0131 bir kez daha ortaya koydu\u011funu ifade etti.<br \/>\n<br \/>&#8220;\u015eampiyonlar Okulu&#8221; olarak an\u0131lan Spor Bilimleri Fak\u00fcltesi \u00f6\u011frencileri disiplinli \u00e7al\u0131\u015fmalar\u0131 ve azimleriyle \u00f6nemli bir ba\u015far\u0131ya imza att\u0131\u011f\u0131n\u0131 vurgulayan Rekt\u00f6r kent, ulusal ve uluslararas\u0131 arenada AD\u00dc\u2019y\u00fc ba\u015far\u0131yla temsil edecek olan t\u00fcm sporculara ba\u015far\u0131lar\u0131n\u0131n artarak devam etmesi temennisinde bulundu.<br \/><\/p>\n","protected":false},"excerpt":{"rendered":"<p>Adnan Menderes \u00dcniversitesi Spor Bilimleri Fak\u00fcltesi \u00f6\u011frencileri, Bursa\u2019da d\u00fczenlenen T\u00fcrkiye \u00dcniversiteler Aras\u0131 Salon Atletizm \u015eampiyonas\u0131\u2019nda \u00fcst\u00fcn bir performans sergileyerek \u00f6nemli bir ba\u015far\u0131ya imza att\u0131. 41 \u00fcniversitenin m\u00fccadele etti\u011fi erkekler kategorisi ile 36 \u00fcniversitenin yer ald\u0131\u011f\u0131 kad\u0131nlar kategorisinde AD\u00dc, her iki bran\u015fta da tak\u0131m \u015fampiyonlu\u011funu elde ederek T\u00fcrkiye birincisi oldu. Sporcular, \u015fampiyona boyunca toplam 31 madalya&#8230;<\/p>\n","protected":false},"author":1,"featured_media":88386,"comment_status":"open","ping_status":"open","sticky":false,"template":"","format":"standard","meta":{"_crdt_document":"","footnotes":""},"categories":[4],"tags":[],"class_list":["post-88385","post","type-post","status-publish","format-standard","has-post-thumbnail","hentry","category-spor"],"_links":{"self":[{"href":"https:\/\/www.egemtv.com\/index.php?rest_route=\/wp\/v2\/posts\/88385","targetHints":{"allow":["GET"]}}],"collection":[{"href":"https:\/\/www.egemtv.com\/index.php?rest_route=\/wp\/v2\/posts"}],"about":[{"href":"https:\/\/www.egemtv.com\/index.php?rest_route=\/wp\/v2\/types\/post"}],"author":[{"embeddable":true,"href":"https:\/\/www.egemtv.com\/index.php?rest_route=\/wp\/v2\/users\/1"}],"replies":[{"embeddable":true,"href":"https:\/\/www.egemtv.com\/index.php?rest_route=%2Fwp%2Fv2%2Fcomments&post=88385"}],"version-history":[{"count":1,"href":"https:\/\/www.egemtv.com\/index.php?rest_route=\/wp\/v2\/posts\/88385\/revisions"}],"predecessor-version":[{"id":88387,"href":"https:\/\/www.egemtv.com\/index.php?rest_route=\/wp\/v2\/posts\/88385\/revisions\/88387"}],"wp:featuredmedia":[{"embeddable":true,"href":"https:\/\/www.egemtv.com\/index.php?rest_route=\/wp\/v2\/media\/88386"}],"wp:attachment":[{"href":"https:\/\/www.egemtv.com\/index.php?rest_route=%2Fwp%2Fv2%2Fmedia&parent=88385"}],"wp:term":[{"taxonomy":"category","embeddable":true,"href":"https:\/\/www.egemtv.com\/index.php?rest_route=%2Fwp%2Fv2%2Fcategories&post=88385"},{"taxonomy":"post_tag","embeddable":true,"href":"https:\/\/www.egemtv.com\/index.php?rest_route=%2Fwp%2Fv2%2Ftags&post=88385"}],"curies":[{"name":"wp","href":"https:\/\/api.w.org\/{rel}","templated":true}]}}