{"id":88382,"date":"2026-02-17T09:34:48","date_gmt":"2026-02-17T06:34:48","guid":{"rendered":"https:\/\/www.egemtv.com\/?p=88382"},"modified":"2026-02-17T09:34:49","modified_gmt":"2026-02-17T06:34:49","slug":"kavsakta-motosiklet-ile-otomobil-carpisti-2-yarali","status":"publish","type":"post","link":"https:\/\/www.egemtv.com\/?p=88382","title":{"rendered":"Kav\u015fakta motosiklet ile otomobil \u00e7arp\u0131\u015ft\u0131: 2 yaral\u0131"},"content":{"rendered":"<p>Burdur\u2019da kav\u015fakta yan yola d\u00f6nmeye \u00e7al\u0131\u015fan otomobil ile motosikletin \u00e7arp\u0131\u015fmas\u0131 sonucu motosiklette bulunan 2 ki\u015fi yaraland\u0131.<br \/>\n<br \/>Kazada motosiklette bulunan gen\u00e7ler metrelerce s\u00fcr\u00fcklenirken kaza an\u0131 \u00e7evrede bulunan bir i\u015f yerinin g\u00fcvenlik kameras\u0131na yans\u0131d\u0131.<br \/>\n<br \/>Kaza, d\u00fcn ak\u015fam saatlerinde Arma\u011fan \u0130lgi Bulvar\u0131 \u00fczerinde meydana geldi. Edinilen bilgiye g\u00f6re, Sad\u0131k Enes K. idaresindeki 32 HT 912 plakal\u0131 TOFA\u015e marka otomobil, kav\u015faktan yan yola d\u00f6nmeye \u00e7al\u0131\u015ft\u0131\u011f\u0131 s\u0131rada kar\u015f\u0131 seriden gelen Halil Emre \u00dc.\u2019n\u00fcn (16) kulland\u0131\u011f\u0131 15 ADY 594 plakal\u0131 motosikletle \u00e7arp\u0131\u015ft\u0131. Kazada motosiklet s\u00fcr\u00fcc\u00fcs\u00fc ve motosiklette yolcu konumunda bulunan Hasan Cemal T. (16) metrelerce s\u00fcr\u00fcklenerek yaraland\u0131. Kaza ihbar\u0131 \u00fczerine adrese sa\u011fl\u0131k ve polis ekipleri sevk edildi. Yaral\u0131lar, sa\u011fl\u0131k ekipleri taraf\u0131ndan yap\u0131lan ilk m\u00fcdahalenin ard\u0131ndan ambulanslarla Burdur Devlet Hastanesi\u2019ne kald\u0131r\u0131larak tedavi alt\u0131na al\u0131nd\u0131.<br \/>\n<br \/>Kaza an\u0131 ise \u00e7evrede bulunan bir i\u015f yerinin g\u00fcvenlik kameras\u0131na saniye saniye yans\u0131d\u0131. G\u00f6r\u00fcnt\u00fclerde otomobilin d\u00f6nmeye \u00e7al\u0131\u015fmas\u0131, motosikletin h\u0131zla gelmesi, \u00e7arp\u0131\u015fma an\u0131 ve motosiklette bulunan \u00e7ocuklar\u0131n metrelerce s\u00fcr\u00fcklenmesi yer al\u0131yor.<br \/><\/p>\n","protected":false},"excerpt":{"rendered":"<p>Burdur\u2019da kav\u015fakta yan yola d\u00f6nmeye \u00e7al\u0131\u015fan otomobil ile motosikletin \u00e7arp\u0131\u015fmas\u0131 sonucu motosiklette bulunan 2 ki\u015fi yaraland\u0131. Kazada motosiklette bulunan gen\u00e7ler metrelerce s\u00fcr\u00fcklenirken kaza an\u0131 \u00e7evrede bulunan bir i\u015f yerinin g\u00fcvenlik kameras\u0131na yans\u0131d\u0131. Kaza, d\u00fcn ak\u015fam saatlerinde Arma\u011fan \u0130lgi Bulvar\u0131 \u00fczerinde meydana geldi. Edinilen bilgiye g\u00f6re, Sad\u0131k Enes K. idaresindeki 32 HT 912 plakal\u0131 TOFA\u015e marka&#8230;<\/p>\n","protected":false},"author":1,"featured_media":88383,"comment_status":"open","ping_status":"open","sticky":false,"template":"","format":"standard","meta":{"_crdt_document":"","footnotes":""},"categories":[5],"tags":[],"class_list":["post-88382","post","type-post","status-publish","format-standard","has-post-thumbnail","hentry","category-asayis"],"_links":{"self":[{"href":"https:\/\/www.egemtv.com\/index.php?rest_route=\/wp\/v2\/posts\/88382","targetHints":{"allow":["GET"]}}],"collection":[{"href":"https:\/\/www.egemtv.com\/index.php?rest_route=\/wp\/v2\/posts"}],"about":[{"href":"https:\/\/www.egemtv.com\/index.php?rest_route=\/wp\/v2\/types\/post"}],"author":[{"embeddable":true,"href":"https:\/\/www.egemtv.com\/index.php?rest_route=\/wp\/v2\/users\/1"}],"replies":[{"embeddable":true,"href":"https:\/\/www.egemtv.com\/index.php?rest_route=%2Fwp%2Fv2%2Fcomments&post=88382"}],"version-history":[{"count":1,"href":"https:\/\/www.egemtv.com\/index.php?rest_route=\/wp\/v2\/posts\/88382\/revisions"}],"predecessor-version":[{"id":88384,"href":"https:\/\/www.egemtv.com\/index.php?rest_route=\/wp\/v2\/posts\/88382\/revisions\/88384"}],"wp:featuredmedia":[{"embeddable":true,"href":"https:\/\/www.egemtv.com\/index.php?rest_route=\/wp\/v2\/media\/88383"}],"wp:attachment":[{"href":"https:\/\/www.egemtv.com\/index.php?rest_route=%2Fwp%2Fv2%2Fmedia&parent=88382"}],"wp:term":[{"taxonomy":"category","embeddable":true,"href":"https:\/\/www.egemtv.com\/index.php?rest_route=%2Fwp%2Fv2%2Fcategories&post=88382"},{"taxonomy":"post_tag","embeddable":true,"href":"https:\/\/www.egemtv.com\/index.php?rest_route=%2Fwp%2Fv2%2Ftags&post=88382"}],"curies":[{"name":"wp","href":"https:\/\/api.w.org\/{rel}","templated":true}]}}